{"id":5028,"date":"2013-01-05T11:49:40","date_gmt":"2013-01-05T11:49:40","guid":{"rendered":"http:\/\/e-anjelik.sk\/?p=5028"},"modified":"2013-01-05T11:49:40","modified_gmt":"2013-01-05T11:49:40","slug":"5-januar","status":"publish","type":"post","link":"https:\/\/www.e-anjelik.sk\/index.php\/2013\/01\/05\/5-januar\/","title":{"rendered":"5. JANU\u00c1R"},"content":{"rendered":"<p>                                                               5. JANU\u00c1R<\/p>\n<p>Eli\u00e1\u0161 bol \u010dlovek utrpeniu podroben\u00fd ako aj vy. Ale horlivo sa modlil, aby nepr\u0161alo, a nepr\u0161alo na zemi tri roky a \u0161es\u0165 mesiacov.<\/p>\n<p>                                                                                                                                                         Jakub 5, 17<\/p>\n<p>      Zaiste je pravdou, \u017ee my nie sme J\u00f3zua, ktor\u00fd svojou modlitbou prik\u00e1zal slnku, aby sa zastavilo na nebi, ani Moj\u017ei\u0161, ktor\u00fd modlitbou rozdelil \u010cerven\u00e9 more, ani Eli\u00e1\u0161, \u010do modlitbou privolal ohe\u0148 z neba. Sme v\u0161ak podobn\u00ed t\u00fdmto \u013eu\u010fom, ktor\u00fdm Boh dal pr\u00edkazy svoj\u00edm Slovom, a mocou svojho Ducha n\u00e1m ho zvestuje, \u00e1no, sme pr\u00e1ve tak\u00fdmi \u013eu\u010fmi ako Moj\u017ei\u0161, J\u00f3zua, Eli\u00e1\u0161 a v\u0161etci ostatn\u00ed sv\u00e4t\u00ed.<br \/>\n      Lebo aj my m\u00e1me to ist\u00e9 Bo\u017eie slovo a Ducha, sme tak\u00ed ist\u00ed kazatelia, slu\u017eobn\u00edci a pracovn\u00edci Boha, ktor\u00e9mu aj oni sl\u00fa\u017eili, aj ke\u010f sa stali v\u00fdznamnej\u0161\u00edmi, nepoznali nijak\u00e9ho vy\u0161\u0161ieho, ani lep\u0161ieho Boha ako my, nemaj\u00fa ani lep\u0161ie telo \u010di krv ako my.<br \/>\n      Boli to \u013eudia ako my, a rovnako Bo\u017eie stvorenia Toho ist\u00e9ho ako my. Preto Boh vypo\u010duje na\u0161e modlitby ako modlitby tamt\u00fdch. Lebo sme \u010dlenmi Jeho cirkvi, ktor\u00e1 je nevestou Jeho mil\u00e9ho Syna, a nem\u00f4\u017ee n\u00e1s zavrhn\u00fa\u0165, ke\u010f v\u00e1\u017ene vol\u00e1me.<\/p>\n<p>                                              Martin Luther: Smerovn\u00edk kres\u0165anskej cesty<\/p>\n","protected":false},"excerpt":{"rendered":"<p>5. JANU\u00c1R Eli\u00e1\u0161 bol \u010dlovek utrpeniu podroben\u00fd ako aj vy. Ale horlivo sa modlil, aby nepr\u0161alo, a nepr\u0161alo na zemi tri roky a \u0161es\u0165 mesiacov. Jakub 5, 17 Zaiste je pravdou, \u017ee my nie sme J\u00f3zua, ktor\u00fd svojou modlitbou prik\u00e1zal slnku, aby sa zastavilo na nebi, ani Moj\u017ei\u0161, ktor\u00fd modlitbou rozdelil \u010cerven\u00e9 more, ani Eli\u00e1\u0161, &#8230; <a title=\"5. JANU\u00c1R\" class=\"read-more\" href=\"https:\/\/www.e-anjelik.sk\/index.php\/2013\/01\/05\/5-januar\/\" aria-label=\"Pre\u010d\u00edtajte si viac o 5. JANU\u00c1R\">\u010c\u00edta\u0165 viac<\/a><\/p>\n","protected":false},"author":4,"featured_media":0,"comment_status":"open","ping_status":"open","sticky":false,"template":"","format":"standard","meta":{"footnotes":""},"categories":[1],"tags":[],"class_list":["post-5028","post","type-post","status-publish","format-standard","hentry","category-adventna-modlitba"],"_links":{"self":[{"href":"https:\/\/www.e-anjelik.sk\/index.php\/wp-json\/wp\/v2\/posts\/5028","targetHints":{"allow":["GET"]}}],"collection":[{"href":"https:\/\/www.e-anjelik.sk\/index.php\/wp-json\/wp\/v2\/posts"}],"about":[{"href":"https:\/\/www.e-anjelik.sk\/index.php\/wp-json\/wp\/v2\/types\/post"}],"author":[{"embeddable":true,"href":"https:\/\/www.e-anjelik.sk\/index.php\/wp-json\/wp\/v2\/users\/4"}],"replies":[{"embeddable":true,"href":"https:\/\/www.e-anjelik.sk\/index.php\/wp-json\/wp\/v2\/comments?post=5028"}],"version-history":[{"count":0,"href":"https:\/\/www.e-anjelik.sk\/index.php\/wp-json\/wp\/v2\/posts\/5028\/revisions"}],"wp:attachment":[{"href":"https:\/\/www.e-anjelik.sk\/index.php\/wp-json\/wp\/v2\/media?parent=5028"}],"wp:term":[{"taxonomy":"category","embeddable":true,"href":"https:\/\/www.e-anjelik.sk\/index.php\/wp-json\/wp\/v2\/categories?post=5028"},{"taxonomy":"post_tag","embeddable":true,"href":"https:\/\/www.e-anjelik.sk\/index.php\/wp-json\/wp\/v2\/tags?post=5028"}],"curies":[{"name":"wp","href":"https:\/\/api.w.org\/{rel}","templated":true}]}}