{"id":5033,"date":"2013-01-07T19:42:22","date_gmt":"2013-01-07T19:42:22","guid":{"rendered":"http:\/\/e-anjelik.sk\/?p=5033"},"modified":"2013-01-07T19:42:22","modified_gmt":"2013-01-07T19:42:22","slug":"pamiatka-mucenika-stefana","status":"publish","type":"post","link":"https:\/\/www.e-anjelik.sk\/index.php\/2013\/01\/07\/pamiatka-mucenika-stefana\/","title":{"rendered":"Pamiatka mu\u010den\u00edka \u0160tefana"},"content":{"rendered":"<p>                                                               Pamiatka \u0160tefana mu\u010den\u00edka<br \/>\nMt 23, 34-39:<\/p>\n<p>\u201cPreto, h\u013ea, posielam v\u00e1m prorokov, m\u00fadrych \u013eud\u00ed a z\u00e1konn\u00edkov; a vy niektor\u00fdch z nich zamordujete a ukri\u017eujete, in\u00fdch zbi\u010dujete vo svojich synagog\u00e1ch a budete ich prenasledova\u0165 z mesta do mesta, (35) a to preto, aby pri\u0161la na v\u00e1s v\u0161etka spravodiv\u00e1 krv vyliata na zemi, od krvi spravodliv\u00e9ho \u00c1bela a\u017e po krv Zachari\u00e1\u0161a, syna Barachi\u00e1\u0161ovho, ktor\u00e9ho ste zamordovali medzi chr\u00e1mom a medzi olt\u00e1rom. (36) Veru, hovor\u00edm v\u00e1m: To v\u0161etko pr\u00edde na toto pokolenie.<br \/>\nJeruzalem, Jeruzalem, ktor\u00fd vra\u017ed\u00ed\u0161 prorokov a kame\u0148uje\u0161 t\u00fdch, \u010do boli posielan\u00ed k tebe! Ko\u013eko r\u00e1z som chcel zhroma\u017edi\u0165 tvoje dietky, ako si sliepka zhroma\u017e\u010fuje kuriatka pod kr\u00eddla, a nechceli ste. (38) Ajh\u013ea, zanech\u00e1va sa v\u00e1m dom v\u00e1\u0161 pust\u00fd. (39) Lebo hovor\u00edm v\u00e1m, neuvid\u00edte ma odteraz a\u017e dovtedy, dokia\u013e nepoviete: (39) Po\u017eehnan\u00fd, ktor\u00fd prich\u00e1dza v mene P\u00e1novom! Amen<\/p>\n<p>Mil\u00ed bratia a sestry v P\u00e1novi!<\/p>\n<p>    Dva dni sme mali mo\u017enos\u0165 putova\u0165 v duchu do Belehema, prist\u00fapi\u0165 ku jasliam P\u00e1na Je\u017ei\u0161a Krista a skloni\u0165 sa pred nimi. Mo\u017enos\u0165- pozrie\u0165 sa do nich a do plienok a v nich uvidie\u0165 Dar neba a poklad najvy\u0161\u0161ej ceny. Stelesnen\u00fa Bo\u017eiu l\u00e1sku v narodenom Je\u017ei\u0161ovi. Mali sme nov\u00fa mo\u017enos\u0165 po\u010du\u0165 zves\u0165 radosti : \u201cNarodil sa v\u00e1m dnes Spasite\u013e, ktor\u00fd je Kristus P\u00e1n\u201d. ( Lk 2) <\/p>\n<p>     Ak sme uverili, \u017ee to Die\u0165a polo\u017een\u00e9 do jasl\u00ed je Bo\u017e\u00ed Syn a n\u00e1\u0161 Spasite\u013e a Oslobodite\u013e  od smrti, n\u00e1\u0161 Pomocn\u00edk a P\u00e1n, na\u0161e srdce je nato\u013eko preniknut\u00e9 sv\u00e4t\u00fdm z\u00e1palom, \u017ee si toto poznanie nenech\u00e1me pre seba. Ka\u017ed\u00e9mu budeme chcie\u0165 o tom poveda\u0165 a dopom\u00f4c\u0165 mu tak ku sp\u00e1se. Nikto, koho srdce je posv\u00e4ten\u00e9 milos\u0165ou a pravdou o Bohu, ktor\u00fd je s nami, nie je tak sebeck\u00fd, aby si nechal t\u00fato radostn\u00fa spr\u00e1vu a \u00fa\u010das\u0165 na Kristovej vl\u00e1de a dedi\u010dstve len pre seba. M\u00e1ria sa podelila s radostnou spr\u00e1vou s Al\u017ebetou a jej domom. Pastieri \u201cvyrozpr\u00e1vali ostatn\u00fdm, \u010do im bolo povedan\u00e9 o Die\u0165atku\u201d. O nieko\u013eko dn\u00ed si pripomenieme sk\u00fasenos\u0165 mudrcov od v\u00fdchodu a uvid\u00edme ten ist\u00fd obraz a odkaz. \u010c\u00edm viacer\u00ed bud\u00fa pozna\u0165 pravdu o Die\u0165atku Je\u017ei\u0161ovi, t\u00fdm lep\u0161ie.  \u201cZ\u00e1kon bol dan\u00fd skrze Moj\u017ei\u0161a, ale milos\u0165 a pravda sa stali v Je\u017ei\u0161ovi\u201d. (J 1,17) Ke\u010f bezdmovec n\u00e1jde dobr\u00fd \u00fatulok, alebo mo\u017enos\u0165, kde sa zohreje a naje, hne\u010f to povie aj in\u00fdm. Ke\u010f niekde dobre nak\u00fapime, radi to povieme aj svojim bl\u00edzkym.<\/p>\n<p>      Pr\u00e1ve tak sa to deje aj medzi t\u00fdmi, \u010do na\u0161li v Je\u017ei\u0161ovi prav\u00fd poklad, cestu, pravdu a \u017eivot! Preto aj v\u0161etci t\u00ed, \u010do spoznali Je\u017ei\u0161a ako Mesi\u00e1\u0161a, Spasite\u013ea, sa radi s touto sk\u00fasenos\u0165ou podelia  a bud\u00fa in\u00fdch informova\u0165 a u\u010di\u0165. Duch Vianoc je u\u017e tak\u00fd. Nap\u013a\u0148a  tendenciou: nies\u0165 zves\u0165 o Kristu in\u00fdm. Kto hor\u00ed, zapa\u013euje aj in\u00fdch. Kto svieti, chce, aby z prav\u00e9ho svetla prijali prav\u00e9 svetlo aj in\u00ed.  Zis\u0165ujeme, \u017ee to Bo\u017eie Die\u0165a aj n\u00e1s vysiela k in\u00fdm s radostnou spr\u00e1vou pokoja.<\/p>\n<p>     Je to aj Jeho z\u00e1mer a \u017eiados\u0165. Ako aj dne\u0161n\u00fd sv. text pripom\u00edna:<br \/>\n\u201cPreto, h\u013ea, posielam v\u00e1m prorokov, m\u00fadrych \u013eud\u00ed a z\u00e1konn\u00edkov\u201d.<br \/>\n     Tak\u00fdm vyslancom naroden\u00e9ho P\u00e1na Krista sa stal aj diakon \u0160TEFAN. Vieme, \u017ee bol slu\u017eobn\u00edkom v jeruzalemskom cirkevnom zbore a bol \u010dlovek pln\u00fd Ducha Sv\u00e4t\u00e9ho, m\u00fadrosti a viery. Nebol m\u00fadry iba pre seba. C\u00edtil v srdci Kristovo poverenie st\u00e1\u0165 v Jeho slu\u017ebe.  Preto ako jeden z vyvole\u00fdch diakonov, slu\u017eobn\u00edkov, pom\u00e1hal obsluhova\u0165 pri stoloch chudobn\u00e9 vdovy a siroty.<\/p>\n<p>     \u201cH\u013ea posielam v\u00e1m prorokov, m\u00fadrych \u013eud\u00ed a z\u00e1konn\u00edkov&#8230;..\u201d, hovor\u00ed Ten, ktor\u00e9ho neobsiahli nebes\u00e1. Ten, \u201c ktor\u00fd sa narodil v plnosti \u010dasu \u201c v Betleheme. Vianoce s\u00fa teda aj o vyslan\u00ed do sveta. Vianoce pre\u017e\u00edvame intez\u00edvne v kruhu rodiny, volaj\u00fa a v\u0165ahuj\u00fa n\u00e1s do rod\u00edn, ale spr\u00e1vne pre\u017eit\u00e9, vysielaj\u00fa n\u00e1s do sveta.  V d\u0148och sviato\u010dn\u00fdch v chr\u00e1me na\u010derp\u00e1me nov\u00e9 a prav\u00e9 poznanie o Je\u017ei\u0161ovi a c\u00edtime, \u017ee o tom dive mus\u00edme aj my hovori\u0165, sved\u010di\u0165, spieva\u0165 a k\u00e1za\u0165.<\/p>\n<p>       To v\u0161etko, ba viac sa deje tam, kde sa s Je\u017ei\u0161om narodila viera, alebo skrze Ducha Sv\u00e4t\u00e9ho pri\u0161la d\u00f4vera v Jeho osobu a poslanie, \u00eds\u0165 do tohoto sveta. V \u0147om bol a je Boh s nami. Je v Slove evanjelia aj dnes, ale aj vo vidite\u013enm slove Ve\u010dere P\u00e1novej, v chlebe  a v\u00edne. Chce na\u0161u vieru posilni\u0165, chce n\u00e1s znovuzrodi\u0165 a vystroji\u0165 svojou mocou k slu\u017ebe! Kres\u0165ansk\u00e9 Vianoce nekon\u010dia  obmedzen\u00fdm po\u010dtom hod\u00edn a dn\u00ed vo\u013ena. Maj\u00fa svoje pokra\u010dovanie tam, kde bol v \u013eudsk\u00fdch srdciach Kristus prijat\u00fd.<\/p>\n<p>      Evanjelista J\u00e1n sved\u010d\u00ed, \u017ee ve\u010dn\u00e9 Bo\u017eie slovo, vtelen\u00e9 v Je\u017ei\u0161ovi \u201cbolo pln\u00e9 milosti a pravdy\u201d .(J 1,14b) \u201cSlovo, ktor\u00e9 sa stalo telom\u201d, je pravdiv\u00e9 aj preto, \u017ee neskr\u00fdva bo\u013eav\u00fa sk\u00fasenos\u0165 a pravdu o tom, \u017ee tam, kde Je\u017ei\u0161 ako P\u00e1n a Spasite\u013e prijat\u00fd nebol, tam zostane  vl\u00e1dnu\u0165 tma &#8211; \u201cvl\u00e1da a moc Herodesa \u201c. V jej moci a slu\u017eb\u00e1ch za\u010dne sk\u00f4r, \u010di neskor dielo star\u00e9ho \u010dloveka a jeho prejavy. O tom Je\u017ei\u0161  predpovedal: \u201ca vy niektor\u00fdch z nich zamordujete a ukri\u017eujete, in\u00fdch zbi\u010dujete &#8211; a budete ich prenasledova\u0165  z mesta do mesta&#8230;\u201d<\/p>\n<p>      O pravdivosti slov P\u00e1nov\u00fdch by sme nemali pochybova\u0165, ale  mali by sme z nich vyvodi\u0165 d\u00f4le\u017eit\u00e9 uz\u00e1very pre seba a n\u00e1\u0161 \u010fal\u0161\u00ed \u017eivot po Vianociach. Aj v kres\u0165anstve plat\u00ed: Kto je pripraven\u00fd, nie je ohrozen\u00fd! Ve\u013emi r\u00fdchlo sa presved\u010d\u00edme o tom, \u017ee ani po\u010das tohtoro\u010dn\u00fdch Vianoci  sa v\u0161etci neobr\u00e1tili a nezmenili svoje zm\u00fd\u0161\u013eanie nato\u013eko, aby sa stali Bo\u017e\u00edmi de\u0165mi a Kristov\u00fdmi vyslancami. Sk\u00f4r opak je pravdou. Ve\u013ea \u013eud\u00ed, ako prorok Izai\u00e1\u0161 nap\u00edsal, si po\u010d\u00edna hor\u0161ie ako v\u00f4l a osol. \u201cV\u00f4l pozn\u00e1 svojho p\u00e1na a osol jasle svojho gazdu, m\u00f4j \u013eud nepozn\u00e1, nev\u0161\u00edma si&#8230;\u201d (Iz 1, 2)<\/p>\n<p>      U\u017e zajtra v\u00fdjdeme z t\u00fdchto sviatkov do be\u017en\u00e9ho \u017eivota.<br \/>\nNad stavom sveta, stavom slu\u0161nosti, \u013eudskosti, mor\u00e1lky, pevnosti a vernosti vz\u0165ahov bud\u00fa mnoh\u00ed iba plaka\u0165, in\u00ed sa bud\u00fa roz\u010du\u013eova\u0165, ale  nebud\u00fa vedie\u0165 ako \u010falej, ak\u00e1 je cesta k novote \u017eivota. P\u00e1nov pr\u00edchod k svetu, k n\u00e1m, zostane zrejme nevyu\u017eit\u00fd. Mnoh\u00ed op\u00e4\u0165 \u010das milosti nespoznali a neuvedomili si hodnotu Spasite\u013ea a \u0161tedr\u00e9ho daru nebies. Je\u017ei\u0161 Kristus s\u00e1m zapla\u010de nad ka\u017ed\u00fdm tak\u00fdm hrie\u0161nikom, tak ako zaplakal nad Jeruzalemom. \u201dJeruzalem, Jeruzalem, ktor\u00fd vra\u017ed\u00ed\u0161 prororkov a kame\u0148uje\u0161 t\u00fdch, \u010do boli posielan\u00ed k tebe. Ko\u013eko r\u00e1z som chce zhroma\u017edi\u0165 tvoje dietky, ako si sliepka zhroma\u017e\u010fuje kuriatka pod kr\u00eddla a nechceli ste! Ajh\u013ea, zanech\u00e1va sa v\u00e1m dom v\u00e1\u0161 pust\u00fd\u201d.<\/p>\n<p>      Tu si mus\u00edme, mil\u00ed bratia a sestry uvedomi\u0165 jedno. Mnoh\u00ed \u013eudia si  myslia, \u017ee Jeruzalem trestal s\u00e1m Boh, ke\u010f bol vydan\u00fd pohanom.<br \/>\nJeruzalem sa potrestal s\u00e1m. Boh vlastne netrest\u00e1 nikoho. Ak je Boh v Kristu odmietnut\u00fd, On iba odch\u00e1dza a pla\u010de. Nech\u00e1 \u010dloveka tak, nech\u00e1 mesto, nech\u00e1 krajinu, nech\u00e1 rodinu bez svojej moci, bez svojej pomoci a bez poznania pravdy. \u010clovek, \u013eudia zostan\u00fa v tme hriechu a smrti. Boh trest\u00e1 t\u00fdm, \u017ee sa odml\u010d\u00ed. Najv\u00e4\u010d\u0161\u00ed Bo\u017e\u00ed trest je, ke\u010f Boh nehovor\u00ed, ke\u010f prestane znie\u0165 Jeho Slovo. Ke\u010f sa prestane  usmieva\u0165, ale aj plaka\u0165.<br \/>\nPreto P\u00e1n Je\u017ei\u0161 chcel a chce by\u0165 prijat\u00fd vierou. Kde sa tak deje &#8211; o l\u00e1sku a jej skutky sa b\u00e1\u0165 nemus\u00edme! Oni pr\u00eddu s pravou vierou. Ale plat\u00ed tie\u017e, \u017ee s neverou od\u00edde aj n\u00e1dej, aj l\u00e1ska! \u201cN\u00e1\u0161 dom\u201d ostane pust\u00fd! <\/p>\n<p>      \u0160tefan je typom mu\u017ea, ktor\u00fd prijal Je\u017ei\u0161a Krista naplno. Zomrel s\u00edce kame\u0148ovan\u00fd nen\u00e1vis\u0165ou sveta, ale narodil sa v nebi. Svet stratil slu\u017eobn\u00edka a nosite\u013ea l\u00e1sky &#8211; a preto schudobnel. On s\u00e1m Kristovou chudobou zbohatol. Videl \u201cnebo otvoren\u00e9\u201d. \u0160tefan vedel kam a ku komu ide! K Synovi, sediacemu na pravici moci Bo\u017eej. Vedia kam p\u00f4jdu t\u00ed, \u010do dv\u00edhaj\u00fa kamene a oso\u010duj\u00fa Bo\u017e\u00edch slu\u017eobn\u00edkov a slu\u017eobn\u00edkov cirkvi? <\/p>\n<p>      Kie\u017e by sme otvoren\u00e9 nebo videli nanovo a op\u00e4\u0165 aj v tento sviato\u010dn\u00fd de\u0148, aby sme sa aj my v\u0161etci s rados\u0165ou a v slu\u017ebe l\u00e1sky bl\u00ed\u017enym do neho uberali. Prijmime Je\u017ei\u0161a aj dnes! Jeho Slovo i Jeho pozvanie k Jeho Sv\u00e4tej Ve\u010deri n\u00e1m chce posl\u00fa\u017ei\u0165 k tomu, aby sme ve\u010derali s N\u00edm aj vo ve\u010dnosti !  Amen.<\/p>\n<p>                                         2.sviatok vian. &#8211; mu\u010den\u00edka \u0160tefana-Rovensko 2012- \u013d.Batka st.<\/p>\n","protected":false},"excerpt":{"rendered":"<p>Pamiatka \u0160tefana mu\u010den\u00edka Mt 23, 34-39: \u201cPreto, h\u013ea, posielam v\u00e1m prorokov, m\u00fadrych \u013eud\u00ed a z\u00e1konn\u00edkov; a vy niektor\u00fdch z nich zamordujete a ukri\u017eujete, in\u00fdch zbi\u010dujete vo svojich synagog\u00e1ch a budete ich prenasledova\u0165 z mesta do mesta, (35) a to preto, aby pri\u0161la na v\u00e1s v\u0161etka spravodiv\u00e1 krv vyliata na zemi, od krvi spravodliv\u00e9ho \u00c1bela a\u017e &#8230; <a title=\"Pamiatka mu\u010den\u00edka \u0160tefana\" class=\"read-more\" href=\"https:\/\/www.e-anjelik.sk\/index.php\/2013\/01\/07\/pamiatka-mucenika-stefana\/\" aria-label=\"Pre\u010d\u00edtajte si viac o Pamiatka mu\u010den\u00edka \u0160tefana\">\u010c\u00edta\u0165 viac<\/a><\/p>\n","protected":false},"author":4,"featured_media":0,"comment_status":"open","ping_status":"open","sticky":false,"template":"","format":"standard","meta":{"footnotes":""},"categories":[95,159],"tags":[192],"class_list":["post-5033","post","type-post","status-publish","format-standard","hentry","category-sobotiste","category-vianoce","tag-kazen"],"_links":{"self":[{"href":"https:\/\/www.e-anjelik.sk\/index.php\/wp-json\/wp\/v2\/posts\/5033","targetHints":{"allow":["GET"]}}],"collection":[{"href":"https:\/\/www.e-anjelik.sk\/index.php\/wp-json\/wp\/v2\/posts"}],"about":[{"href":"https:\/\/www.e-anjelik.sk\/index.php\/wp-json\/wp\/v2\/types\/post"}],"author":[{"embeddable":true,"href":"https:\/\/www.e-anjelik.sk\/index.php\/wp-json\/wp\/v2\/users\/4"}],"replies":[{"embeddable":true,"href":"https:\/\/www.e-anjelik.sk\/index.php\/wp-json\/wp\/v2\/comments?post=5033"}],"version-history":[{"count":0,"href":"https:\/\/www.e-anjelik.sk\/index.php\/wp-json\/wp\/v2\/posts\/5033\/revisions"}],"wp:attachment":[{"href":"https:\/\/www.e-anjelik.sk\/index.php\/wp-json\/wp\/v2\/media?parent=5033"}],"wp:term":[{"taxonomy":"category","embeddable":true,"href":"https:\/\/www.e-anjelik.sk\/index.php\/wp-json\/wp\/v2\/categories?post=5033"},{"taxonomy":"post_tag","embeddable":true,"href":"https:\/\/www.e-anjelik.sk\/index.php\/wp-json\/wp\/v2\/tags?post=5033"}],"curies":[{"name":"wp","href":"https:\/\/api.w.org\/{rel}","templated":true}]}}