{"id":5039,"date":"2013-01-09T10:15:12","date_gmt":"2013-01-09T10:15:12","guid":{"rendered":"http:\/\/e-anjelik.sk\/?p=5039"},"modified":"2013-01-09T10:15:12","modified_gmt":"2013-01-09T10:15:12","slug":"ekumenicka-delegacia-z-finska-v-rime","status":"publish","type":"post","link":"https:\/\/www.e-anjelik.sk\/index.php\/2013\/01\/09\/ekumenicka-delegacia-z-finska-v-rime\/","title":{"rendered":"Ekumenick\u00e1 deleg\u00e1cia z F\u00ednska v R\u00edme"},"content":{"rendered":"<p>Od roku 1985 sa pravidelne v R\u00edme v kaplnke Santa Maria sopra minerva  kon\u00e1vaj\u00fa bohoslu\u017eby na pamiatku sv. Henrika, prv\u00e9ho biskupa F\u00ednska a mu\u010den\u00edka. Pri tejto udalosti aj tohto roku R\u00edm nav\u0161t\u00edvi ekumenick\u00e1 deleg\u00e1cia z F\u00ednska. V deleg\u00e1cii o.i. s\u00fa: arcibiskup Evanjelicko-luter\u00e1nskej cirkvi F\u00ednska Kari M\u00e4kinen, biskup katol\u00edckej diec\u00e9zy F\u00ednska Teemu Sippo SCJ, arcibiskup Leo z pravosl\u00e1vnej cirkvi F\u00ednska. Na spomienkovej ekumenickej bohoslu\u017ebe 19. janu\u00e1ra  bude k\u00e1za\u0165 biskup Sippo, liturguje arcibiskup M\u00e4kinen. Deleg\u00e1cia sa okrem toho z\u00fa\u010dastn\u00ed aj na sl\u00e1ven\u00ed ekumenick\u00e9ho T\u00fd\u017ed\u0148a modlitieb za jednotu kres\u0165anov, ktor\u00fd bude tohto roku na severnej pologuli 18. &#8211; 25. janu\u00e1ra 2013. F\u00ednsku deleg\u00e1ciu na s\u00fakromnej audiencii pr\u00edjme 17. janu\u00e1ra p\u00e1pe\u017e Benedikt XVI.<br \/>\n(evl.fi)<\/p>\n","protected":false},"excerpt":{"rendered":"<p>Od roku 1985 sa pravidelne v R\u00edme v kaplnke Santa Maria sopra minerva kon\u00e1vaj\u00fa bohoslu\u017eby na pamiatku sv. Henrika, prv\u00e9ho biskupa F\u00ednska a mu\u010den\u00edka. Pri tejto udalosti aj tohto roku R\u00edm nav\u0161t\u00edvi ekumenick\u00e1 deleg\u00e1cia z F\u00ednska. V deleg\u00e1cii o.i. s\u00fa: arcibiskup Evanjelicko-luter\u00e1nskej cirkvi F\u00ednska Kari M\u00e4kinen, biskup katol\u00edckej diec\u00e9zy F\u00ednska Teemu Sippo SCJ, arcibiskup Leo &#8230; <a title=\"Ekumenick\u00e1 deleg\u00e1cia z F\u00ednska v R\u00edme\" class=\"read-more\" href=\"https:\/\/www.e-anjelik.sk\/index.php\/2013\/01\/09\/ekumenicka-delegacia-z-finska-v-rime\/\" aria-label=\"Pre\u010d\u00edtajte si viac o Ekumenick\u00e1 deleg\u00e1cia z F\u00ednska v R\u00edme\">\u010c\u00edta\u0165 viac<\/a><\/p>\n","protected":false},"author":22,"featured_media":0,"comment_status":"open","ping_status":"open","sticky":false,"template":"","format":"standard","meta":{"footnotes":""},"categories":[2],"tags":[],"class_list":["post-5039","post","type-post","status-publish","format-standard","hentry","category-ekumena"],"_links":{"self":[{"href":"https:\/\/www.e-anjelik.sk\/index.php\/wp-json\/wp\/v2\/posts\/5039","targetHints":{"allow":["GET"]}}],"collection":[{"href":"https:\/\/www.e-anjelik.sk\/index.php\/wp-json\/wp\/v2\/posts"}],"about":[{"href":"https:\/\/www.e-anjelik.sk\/index.php\/wp-json\/wp\/v2\/types\/post"}],"author":[{"embeddable":true,"href":"https:\/\/www.e-anjelik.sk\/index.php\/wp-json\/wp\/v2\/users\/22"}],"replies":[{"embeddable":true,"href":"https:\/\/www.e-anjelik.sk\/index.php\/wp-json\/wp\/v2\/comments?post=5039"}],"version-history":[{"count":0,"href":"https:\/\/www.e-anjelik.sk\/index.php\/wp-json\/wp\/v2\/posts\/5039\/revisions"}],"wp:attachment":[{"href":"https:\/\/www.e-anjelik.sk\/index.php\/wp-json\/wp\/v2\/media?parent=5039"}],"wp:term":[{"taxonomy":"category","embeddable":true,"href":"https:\/\/www.e-anjelik.sk\/index.php\/wp-json\/wp\/v2\/categories?post=5039"},{"taxonomy":"post_tag","embeddable":true,"href":"https:\/\/www.e-anjelik.sk\/index.php\/wp-json\/wp\/v2\/tags?post=5039"}],"curies":[{"name":"wp","href":"https:\/\/api.w.org\/{rel}","templated":true}]}}