{"id":5040,"date":"2013-01-09T10:51:55","date_gmt":"2013-01-09T10:51:55","guid":{"rendered":"http:\/\/e-anjelik.sk\/?p=5040"},"modified":"2013-01-09T10:51:55","modified_gmt":"2013-01-09T10:51:55","slug":"2-medzinarodna-konferencia-teologov-v-polsku","status":"publish","type":"post","link":"https:\/\/www.e-anjelik.sk\/index.php\/2013\/01\/09\/2-medzinarodna-konferencia-teologov-v-polsku\/","title":{"rendered":"2. medzin\u00e1rodn\u00e1 konferencia teol\u00f3gov v Po\u013esku"},"content":{"rendered":"<p>Od 13. do 17. febru\u00e1ra 2013 bude sa v Krzy\u017eowej kona\u0165 2. Eur\u00f3pska konferencia. Jej t\u00e9ma je:&#8220; D\u00f4vera, zodpovednos\u0165, bud\u00facnos\u0165. Spolo\u010dn\u00e9 a politick\u00e9 perspekt\u00edvy duchovnej slu\u017eby.&#8220; Konferencia je zameran\u00e1 pre duchovn\u00fdch, \u0161tudentov, pracovn\u00edkov cirkvi a v\u0161etk\u00fdch z\u00e1ujemcov. Jazykmi konferencie s\u00fa po\u013e\u0161tina a nem\u010dina. V nede\u013eu 17. febru\u00e1ra sa \u00fa\u010dastn\u00edci z\u00fa\u010dastnia slu\u017eieb Bo\u017e\u00edch v ev. kostole v \u015awidnicy, ktor\u00fd je na zozname svetov\u00e9ho kult\u00farneho dedictva UNESCO. Medzi spoluorganiz\u00e1torov konferencie patr\u00ed aj EBF UK v Bratislave.<br \/>\n(www.luteranie.pl)<\/p>\n","protected":false},"excerpt":{"rendered":"<p>Od 13. do 17. febru\u00e1ra 2013 bude sa v Krzy\u017eowej kona\u0165 2. Eur\u00f3pska konferencia. Jej t\u00e9ma je:&#8220; D\u00f4vera, zodpovednos\u0165, bud\u00facnos\u0165. Spolo\u010dn\u00e9 a politick\u00e9 perspekt\u00edvy duchovnej slu\u017eby.&#8220; Konferencia je zameran\u00e1 pre duchovn\u00fdch, \u0161tudentov, pracovn\u00edkov cirkvi a v\u0161etk\u00fdch z\u00e1ujemcov. Jazykmi konferencie s\u00fa po\u013e\u0161tina a nem\u010dina. V nede\u013eu 17. febru\u00e1ra sa \u00fa\u010dastn\u00edci z\u00fa\u010dastnia slu\u017eieb Bo\u017e\u00edch v ev. kostole &#8230; <a title=\"2. medzin\u00e1rodn\u00e1 konferencia teol\u00f3gov v Po\u013esku\" class=\"read-more\" href=\"https:\/\/www.e-anjelik.sk\/index.php\/2013\/01\/09\/2-medzinarodna-konferencia-teologov-v-polsku\/\" aria-label=\"Pre\u010d\u00edtajte si viac o 2. medzin\u00e1rodn\u00e1 konferencia teol\u00f3gov v Po\u013esku\">\u010c\u00edta\u0165 viac<\/a><\/p>\n","protected":false},"author":22,"featured_media":0,"comment_status":"open","ping_status":"open","sticky":false,"template":"","format":"standard","meta":{"footnotes":""},"categories":[1],"tags":[234],"class_list":["post-5040","post","type-post","status-publish","format-standard","hentry","category-adventna-modlitba","tag-zdruzenia-a-skupiny"],"_links":{"self":[{"href":"https:\/\/www.e-anjelik.sk\/index.php\/wp-json\/wp\/v2\/posts\/5040","targetHints":{"allow":["GET"]}}],"collection":[{"href":"https:\/\/www.e-anjelik.sk\/index.php\/wp-json\/wp\/v2\/posts"}],"about":[{"href":"https:\/\/www.e-anjelik.sk\/index.php\/wp-json\/wp\/v2\/types\/post"}],"author":[{"embeddable":true,"href":"https:\/\/www.e-anjelik.sk\/index.php\/wp-json\/wp\/v2\/users\/22"}],"replies":[{"embeddable":true,"href":"https:\/\/www.e-anjelik.sk\/index.php\/wp-json\/wp\/v2\/comments?post=5040"}],"version-history":[{"count":0,"href":"https:\/\/www.e-anjelik.sk\/index.php\/wp-json\/wp\/v2\/posts\/5040\/revisions"}],"wp:attachment":[{"href":"https:\/\/www.e-anjelik.sk\/index.php\/wp-json\/wp\/v2\/media?parent=5040"}],"wp:term":[{"taxonomy":"category","embeddable":true,"href":"https:\/\/www.e-anjelik.sk\/index.php\/wp-json\/wp\/v2\/categories?post=5040"},{"taxonomy":"post_tag","embeddable":true,"href":"https:\/\/www.e-anjelik.sk\/index.php\/wp-json\/wp\/v2\/tags?post=5040"}],"curies":[{"name":"wp","href":"https:\/\/api.w.org\/{rel}","templated":true}]}}