{"id":5045,"date":"2013-01-12T07:56:43","date_gmt":"2013-01-12T07:56:43","guid":{"rendered":"http:\/\/e-anjelik.sk\/?p=5045"},"modified":"2013-01-12T07:56:43","modified_gmt":"2013-01-12T07:56:43","slug":"12-januar","status":"publish","type":"post","link":"https:\/\/www.e-anjelik.sk\/index.php\/2013\/01\/12\/12-januar\/","title":{"rendered":"12. JANU\u00c1R"},"content":{"rendered":"<p>                                                               12. JANU\u00c1R<\/p>\n<p>Koniec z\u00e1kona je toti\u017e Kristus, aby sa spravodlivosti dostalo ka\u017ed\u00e9mu veriacemu.<\/p>\n<p>                                                                                                                                                 R\u00edmskym 10, 4<\/p>\n<p>      Z\u00e1kon tvrd\u00ed: Si hrie\u0161ny. Poviem: \u00c1no, som straten\u00fd.<br \/>\nAk poviem: Nie, mus\u00edm ma\u0165 pevn\u00fd z\u00e1klad, na ktorom stoj\u00edm, aby som \u00c1no vyvr\u00e1til  a NIE obh\u00e1jil. Ako to v\u0161ak m\u00f4\u017eem vyslovi\u0165? Je to predsa pravda; aj P\u00edsmo to dosved\u010duje, \u017ee som sa narodil v hriechu. Odkia\u013e chcem to Nie zobra\u0165? Vo svojej hrudi ho rozhodne nen\u00e1jdem, ale v Kristovi. Jemu ho mus\u00edm donies\u0165, z\u00e1kon odhodi\u0165 a poveda\u0165: Pozri, kto m\u00f4\u017ee Nie poveda\u0165 ka\u017ed\u00e9mu z\u00e1konu, m\u00e1 aj svoj d\u00f4vod; ve\u010f On je \u010dist\u00fd a bez hriechu. To Nie- On d\u00e1va aj mne, aby \u2013 predsa mus\u00edm  prizna\u0165, ke\u010f sa sk\u00famam, \u017ee som hrie\u0161nik a Tebe sa rovna\u0165 nem\u00f4\u017eem, le\u017e c\u00edtim, \u017ee ni\u010d \u010dist\u00e9ho na mne nie je a o\u010dak\u00e1vam Bo\u017e\u00ed hnev \u2013 som  vedel, \u017ee Jeho spravodlivos\u0165 je aj mojou, a u\u017e nie som v hriechu.<\/p>\n<p>                                           Martin Luther: Smerovn\u00edk kres\u0165anskej cesty<\/p>\n","protected":false},"excerpt":{"rendered":"<p>12. JANU\u00c1R Koniec z\u00e1kona je toti\u017e Kristus, aby sa spravodlivosti dostalo ka\u017ed\u00e9mu veriacemu. R\u00edmskym 10, 4 Z\u00e1kon tvrd\u00ed: Si hrie\u0161ny. Poviem: \u00c1no, som straten\u00fd. Ak poviem: Nie, mus\u00edm ma\u0165 pevn\u00fd z\u00e1klad, na ktorom stoj\u00edm, aby som \u00c1no vyvr\u00e1til a NIE obh\u00e1jil. Ako to v\u0161ak m\u00f4\u017eem vyslovi\u0165? Je to predsa pravda; aj P\u00edsmo to dosved\u010duje, \u017ee &#8230; <a title=\"12. JANU\u00c1R\" class=\"read-more\" href=\"https:\/\/www.e-anjelik.sk\/index.php\/2013\/01\/12\/12-januar\/\" aria-label=\"Pre\u010d\u00edtajte si viac o 12. JANU\u00c1R\">\u010c\u00edta\u0165 viac<\/a><\/p>\n","protected":false},"author":4,"featured_media":0,"comment_status":"open","ping_status":"open","sticky":false,"template":"","format":"standard","meta":{"footnotes":""},"categories":[1],"tags":[],"class_list":["post-5045","post","type-post","status-publish","format-standard","hentry","category-adventna-modlitba"],"_links":{"self":[{"href":"https:\/\/www.e-anjelik.sk\/index.php\/wp-json\/wp\/v2\/posts\/5045","targetHints":{"allow":["GET"]}}],"collection":[{"href":"https:\/\/www.e-anjelik.sk\/index.php\/wp-json\/wp\/v2\/posts"}],"about":[{"href":"https:\/\/www.e-anjelik.sk\/index.php\/wp-json\/wp\/v2\/types\/post"}],"author":[{"embeddable":true,"href":"https:\/\/www.e-anjelik.sk\/index.php\/wp-json\/wp\/v2\/users\/4"}],"replies":[{"embeddable":true,"href":"https:\/\/www.e-anjelik.sk\/index.php\/wp-json\/wp\/v2\/comments?post=5045"}],"version-history":[{"count":0,"href":"https:\/\/www.e-anjelik.sk\/index.php\/wp-json\/wp\/v2\/posts\/5045\/revisions"}],"wp:attachment":[{"href":"https:\/\/www.e-anjelik.sk\/index.php\/wp-json\/wp\/v2\/media?parent=5045"}],"wp:term":[{"taxonomy":"category","embeddable":true,"href":"https:\/\/www.e-anjelik.sk\/index.php\/wp-json\/wp\/v2\/categories?post=5045"},{"taxonomy":"post_tag","embeddable":true,"href":"https:\/\/www.e-anjelik.sk\/index.php\/wp-json\/wp\/v2\/tags?post=5045"}],"curies":[{"name":"wp","href":"https:\/\/api.w.org\/{rel}","templated":true}]}}