{"id":5047,"date":"2013-01-14T09:06:02","date_gmt":"2013-01-14T09:06:02","guid":{"rendered":"http:\/\/e-anjelik.sk\/?p=5047"},"modified":"2013-01-14T09:06:02","modified_gmt":"2013-01-14T09:06:02","slug":"vyhlasili-rok-reformacie-a-tolerancie-2013-v-madarsku","status":"publish","type":"post","link":"https:\/\/www.e-anjelik.sk\/index.php\/2013\/01\/14\/vyhlasili-rok-reformacie-a-tolerancie-2013-v-madarsku\/","title":{"rendered":"Vyhl\u00e1sili Rok reform\u00e1cie a tolerancie 2013 v Ma\u010farsku"},"content":{"rendered":"<p>Biskup Fab\u00edny Tam\u00e1s z Evanjelickej cirkvi pre verejnos\u0165 ozn\u00e1mil, \u017ee v pr\u00edprave na jubilejn\u00fd rok reform\u00e1cie roku 2017 sa ako pr\u00edprava bude tento rok v Evanjelickej cirkvi v Ma\u010farsku pripom\u00edna\u0165 ako Rok reform\u00e1cie a tolerancie. U\u017e predt\u00fdm obe historick\u00e9 protestantsk\u00e9 cirkvi v Ma\u010farsku podali do vl\u00e1dy n\u00e1vrh, aby sa v Ma\u010farsku rok 2017 oslavoval ako Rok reform\u00e1cie. Na t\u00fdchto jubilejn\u00fdch oslav\u00e1ch by sa mala z\u00fa\u010dastni\u0165 aj katol\u00edcka cirkev. Cie\u013eom je pripom\u00edna\u0165 verejnosti podiel reform\u00e1cie na kult\u00farnom a spolo\u010denskom pozdvihnut\u00ed spolo\u010dnosti.<br \/>\n(www.evangelikus.hu)<\/p>\n","protected":false},"excerpt":{"rendered":"<p>Biskup Fab\u00edny Tam\u00e1s z Evanjelickej cirkvi pre verejnos\u0165 ozn\u00e1mil, \u017ee v pr\u00edprave na jubilejn\u00fd rok reform\u00e1cie roku 2017 sa ako pr\u00edprava bude tento rok v Evanjelickej cirkvi v Ma\u010farsku pripom\u00edna\u0165 ako Rok reform\u00e1cie a tolerancie. U\u017e predt\u00fdm obe historick\u00e9 protestantsk\u00e9 cirkvi v Ma\u010farsku podali do vl\u00e1dy n\u00e1vrh, aby sa v Ma\u010farsku rok 2017 oslavoval ako &#8230; <a title=\"Vyhl\u00e1sili Rok reform\u00e1cie a tolerancie 2013 v Ma\u010farsku\" class=\"read-more\" href=\"https:\/\/www.e-anjelik.sk\/index.php\/2013\/01\/14\/vyhlasili-rok-reformacie-a-tolerancie-2013-v-madarsku\/\" aria-label=\"Pre\u010d\u00edtajte si viac o Vyhl\u00e1sili Rok reform\u00e1cie a tolerancie 2013 v Ma\u010farsku\">\u010c\u00edta\u0165 viac<\/a><\/p>\n","protected":false},"author":22,"featured_media":0,"comment_status":"open","ping_status":"open","sticky":false,"template":"","format":"standard","meta":{"footnotes":""},"categories":[1],"tags":[234],"class_list":["post-5047","post","type-post","status-publish","format-standard","hentry","category-adventna-modlitba","tag-zdruzenia-a-skupiny"],"_links":{"self":[{"href":"https:\/\/www.e-anjelik.sk\/index.php\/wp-json\/wp\/v2\/posts\/5047","targetHints":{"allow":["GET"]}}],"collection":[{"href":"https:\/\/www.e-anjelik.sk\/index.php\/wp-json\/wp\/v2\/posts"}],"about":[{"href":"https:\/\/www.e-anjelik.sk\/index.php\/wp-json\/wp\/v2\/types\/post"}],"author":[{"embeddable":true,"href":"https:\/\/www.e-anjelik.sk\/index.php\/wp-json\/wp\/v2\/users\/22"}],"replies":[{"embeddable":true,"href":"https:\/\/www.e-anjelik.sk\/index.php\/wp-json\/wp\/v2\/comments?post=5047"}],"version-history":[{"count":0,"href":"https:\/\/www.e-anjelik.sk\/index.php\/wp-json\/wp\/v2\/posts\/5047\/revisions"}],"wp:attachment":[{"href":"https:\/\/www.e-anjelik.sk\/index.php\/wp-json\/wp\/v2\/media?parent=5047"}],"wp:term":[{"taxonomy":"category","embeddable":true,"href":"https:\/\/www.e-anjelik.sk\/index.php\/wp-json\/wp\/v2\/categories?post=5047"},{"taxonomy":"post_tag","embeddable":true,"href":"https:\/\/www.e-anjelik.sk\/index.php\/wp-json\/wp\/v2\/tags?post=5047"}],"curies":[{"name":"wp","href":"https:\/\/api.w.org\/{rel}","templated":true}]}}