{"id":5049,"date":"2013-01-14T09:31:53","date_gmt":"2013-01-14T09:31:53","guid":{"rendered":"http:\/\/e-anjelik.sk\/?p=5049"},"modified":"2013-01-14T09:31:53","modified_gmt":"2013-01-14T09:31:53","slug":"zwiastun-ewangelicki-150-rokov","status":"publish","type":"post","link":"https:\/\/www.e-anjelik.sk\/index.php\/2013\/01\/14\/zwiastun-ewangelicki-150-rokov\/","title":{"rendered":"Zwiastun ewangelicki &#8211; 150 rokov"},"content":{"rendered":"<p>12. a 13. janu\u00e1ra t.r. si evanjelici v Po\u013esku pripom\u00ednaj\u00fa 150. jubileum od za\u010datia vyd\u00e1vania svojho \u010dasopisu Zwiastun ewangelicki. Vyd\u00e1va\u0165 ho za\u010dali 15. janu\u00e1ra 1863. Dnes m\u00e1 najvy\u0161\u0161\u00ed po\u010det abonentov medzi protestantskou tla\u010dou v Po\u013esku. Vyd\u00e1va ho vydavate\u013estvo Augustana so s\u00eddlom v Bielsku &#8211; Bialej. U\u017e 10 rokov ude\u013euj\u00fa cenu zakladate\u013ea tohto \u010dasopisu Leopolda Ottu. Tohto roku ju z\u00edskali dvaja v\u00fdznamn\u00ed luter\u00e1ni &#8211; politik Jerzy Buzek a spisovate\u013e, novin\u00e1r Jerzy Pilch. Cenu im odovzdali na sl\u00e1vnostn\u00fdch slu\u017eb\u00e1ch Bo\u017e\u00edch v chr\u00e1me sv. Trojice vo Var\u0161ave v nede\u013eu 13. janu\u00e1ra t.r.<br \/>\n(www.gustav-adolf-werk.de)<\/p>\n","protected":false},"excerpt":{"rendered":"<p>12. a 13. janu\u00e1ra t.r. si evanjelici v Po\u013esku pripom\u00ednaj\u00fa 150. jubileum od za\u010datia vyd\u00e1vania svojho \u010dasopisu Zwiastun ewangelicki. Vyd\u00e1va\u0165 ho za\u010dali 15. janu\u00e1ra 1863. Dnes m\u00e1 najvy\u0161\u0161\u00ed po\u010det abonentov medzi protestantskou tla\u010dou v Po\u013esku. Vyd\u00e1va ho vydavate\u013estvo Augustana so s\u00eddlom v Bielsku &#8211; Bialej. U\u017e 10 rokov ude\u013euj\u00fa cenu zakladate\u013ea tohto \u010dasopisu Leopolda Ottu. &#8230; <a title=\"Zwiastun ewangelicki &#8211; 150 rokov\" class=\"read-more\" href=\"https:\/\/www.e-anjelik.sk\/index.php\/2013\/01\/14\/zwiastun-ewangelicki-150-rokov\/\" aria-label=\"Pre\u010d\u00edtajte si viac o Zwiastun ewangelicki &#8211; 150 rokov\">\u010c\u00edta\u0165 viac<\/a><\/p>\n","protected":false},"author":22,"featured_media":0,"comment_status":"open","ping_status":"open","sticky":false,"template":"","format":"standard","meta":{"footnotes":""},"categories":[9,10],"tags":[234],"class_list":["post-5049","post","type-post","status-publish","format-standard","hentry","category-europa","category-zo-sveta","tag-zdruzenia-a-skupiny"],"_links":{"self":[{"href":"https:\/\/www.e-anjelik.sk\/index.php\/wp-json\/wp\/v2\/posts\/5049","targetHints":{"allow":["GET"]}}],"collection":[{"href":"https:\/\/www.e-anjelik.sk\/index.php\/wp-json\/wp\/v2\/posts"}],"about":[{"href":"https:\/\/www.e-anjelik.sk\/index.php\/wp-json\/wp\/v2\/types\/post"}],"author":[{"embeddable":true,"href":"https:\/\/www.e-anjelik.sk\/index.php\/wp-json\/wp\/v2\/users\/22"}],"replies":[{"embeddable":true,"href":"https:\/\/www.e-anjelik.sk\/index.php\/wp-json\/wp\/v2\/comments?post=5049"}],"version-history":[{"count":0,"href":"https:\/\/www.e-anjelik.sk\/index.php\/wp-json\/wp\/v2\/posts\/5049\/revisions"}],"wp:attachment":[{"href":"https:\/\/www.e-anjelik.sk\/index.php\/wp-json\/wp\/v2\/media?parent=5049"}],"wp:term":[{"taxonomy":"category","embeddable":true,"href":"https:\/\/www.e-anjelik.sk\/index.php\/wp-json\/wp\/v2\/categories?post=5049"},{"taxonomy":"post_tag","embeddable":true,"href":"https:\/\/www.e-anjelik.sk\/index.php\/wp-json\/wp\/v2\/tags?post=5049"}],"curies":[{"name":"wp","href":"https:\/\/api.w.org\/{rel}","templated":true}]}}