{"id":5051,"date":"2013-01-14T09:53:37","date_gmt":"2013-01-14T09:53:37","guid":{"rendered":"http:\/\/e-anjelik.sk\/?p=5051"},"modified":"2013-01-14T09:53:37","modified_gmt":"2013-01-14T09:53:37","slug":"novy-prezes-evanjelickej-cirkvi-v-porynsku","status":"publish","type":"post","link":"https:\/\/www.e-anjelik.sk\/index.php\/2013\/01\/14\/novy-prezes-evanjelickej-cirkvi-v-porynsku\/","title":{"rendered":"Nov\u00fd pr\u00e9zes Evanjelickej cirkvi v Por\u00fdnsku"},"content":{"rendered":"<p>Vo \u0161tvrtok 10. janu\u00e1ra t.r. krajinsk\u00e1 synoda Evanj. cirkvi v Por\u00fdnsku zvolila v tre\u0165om kole za nov\u00e9ho pr\u00e9zesa tejto cirkvi 54-ro\u010dn\u00e9ho teol\u00f3ga, Manfreda Rekowskeho . Rekowski sa presadil vo vo\u013eb\u00e1ch pred s\u00faperkami: Petrou-Bosse &#8211; Huberovou a Ellenou Uebersch\u00e4rovou. \u00darad prevezme 3. marca a nahrad\u00ed v \u0148om Nikolausa Schneidera, predsedu Rady EKD , ktor\u00fd po desiatich rokoch v tejto funkcii od\u00edde do d\u00f4chodku. Rekowski je \u017eenat\u00fd a otcom dvoch dospel\u00fdch det\u00ed. Doteraz bol superintendentom v cirkevnom okrsku Wuppertal.<br \/>\n(www.pro-medien-magazin.de)<\/p>\n","protected":false},"excerpt":{"rendered":"<p>Vo \u0161tvrtok 10. janu\u00e1ra t.r. krajinsk\u00e1 synoda Evanj. cirkvi v Por\u00fdnsku zvolila v tre\u0165om kole za nov\u00e9ho pr\u00e9zesa tejto cirkvi 54-ro\u010dn\u00e9ho teol\u00f3ga, Manfreda Rekowskeho . Rekowski sa presadil vo vo\u013eb\u00e1ch pred s\u00faperkami: Petrou-Bosse &#8211; Huberovou a Ellenou Uebersch\u00e4rovou. \u00darad prevezme 3. marca a nahrad\u00ed v \u0148om Nikolausa Schneidera, predsedu Rady EKD , ktor\u00fd po desiatich &#8230; <a title=\"Nov\u00fd pr\u00e9zes Evanjelickej cirkvi v Por\u00fdnsku\" class=\"read-more\" href=\"https:\/\/www.e-anjelik.sk\/index.php\/2013\/01\/14\/novy-prezes-evanjelickej-cirkvi-v-porynsku\/\" aria-label=\"Pre\u010d\u00edtajte si viac o Nov\u00fd pr\u00e9zes Evanjelickej cirkvi v Por\u00fdnsku\">\u010c\u00edta\u0165 viac<\/a><\/p>\n","protected":false},"author":22,"featured_media":0,"comment_status":"open","ping_status":"open","sticky":false,"template":"","format":"standard","meta":{"footnotes":""},"categories":[9,10],"tags":[],"class_list":["post-5051","post","type-post","status-publish","format-standard","hentry","category-europa","category-zo-sveta"],"_links":{"self":[{"href":"https:\/\/www.e-anjelik.sk\/index.php\/wp-json\/wp\/v2\/posts\/5051","targetHints":{"allow":["GET"]}}],"collection":[{"href":"https:\/\/www.e-anjelik.sk\/index.php\/wp-json\/wp\/v2\/posts"}],"about":[{"href":"https:\/\/www.e-anjelik.sk\/index.php\/wp-json\/wp\/v2\/types\/post"}],"author":[{"embeddable":true,"href":"https:\/\/www.e-anjelik.sk\/index.php\/wp-json\/wp\/v2\/users\/22"}],"replies":[{"embeddable":true,"href":"https:\/\/www.e-anjelik.sk\/index.php\/wp-json\/wp\/v2\/comments?post=5051"}],"version-history":[{"count":0,"href":"https:\/\/www.e-anjelik.sk\/index.php\/wp-json\/wp\/v2\/posts\/5051\/revisions"}],"wp:attachment":[{"href":"https:\/\/www.e-anjelik.sk\/index.php\/wp-json\/wp\/v2\/media?parent=5051"}],"wp:term":[{"taxonomy":"category","embeddable":true,"href":"https:\/\/www.e-anjelik.sk\/index.php\/wp-json\/wp\/v2\/categories?post=5051"},{"taxonomy":"post_tag","embeddable":true,"href":"https:\/\/www.e-anjelik.sk\/index.php\/wp-json\/wp\/v2\/tags?post=5051"}],"curies":[{"name":"wp","href":"https:\/\/api.w.org\/{rel}","templated":true}]}}