{"id":5053,"date":"2013-01-14T15:27:17","date_gmt":"2013-01-14T15:27:17","guid":{"rendered":"http:\/\/e-anjelik.sk\/?p=5053"},"modified":"2013-01-14T15:27:17","modified_gmt":"2013-01-14T15:27:17","slug":"15-januar","status":"publish","type":"post","link":"https:\/\/www.e-anjelik.sk\/index.php\/2013\/01\/14\/15-januar\/","title":{"rendered":"15. JANU\u00c1R"},"content":{"rendered":"<p>                                                              15. JANU\u00c1R<\/p>\n<p>Tak aj viera, ak nem\u00e1 skutkov, je sama o sebe m\u0155tva. Ale povie niekto: Ty m\u00e1\u0161 vieru a ja m\u00e1m skutky! Uk\u00e1\u017e mi svoju vieru bez skutkov! Ja ti zo svojich skutkov uk\u00e1\u017eem vieru.<\/p>\n<p>                                                                                                                                                     Jakub 2, 17 \u2013 18<\/p>\n<p>     Ko\u013eko\u017ee je teraz t\u00fdch, ktor\u00ed vychva\u013euj\u00fa Evanjelium , ktor\u00ed by pre Evanjelium nejak\u00fd halierik utratili, alebo lakomstvo a v\u00e1\u0161ne opustili?<br \/>\n       Niet veru ro\u013en\u00edka alebo ob\u010dana, ktor\u00fd by chcel \u010do len zrnko na trhu lacnej\u0161ie preda\u0165 a o halier pr\u00eds\u0165, ak dostane, ko\u013eko za\u017eiada. Kto m\u00f4\u017ee o nejak\u00fa zlatku drah\u0161ie preda\u0165, r\u00e1d to urob\u00ed. Nikoho netr\u00e1pi svedomie, ak nekvalitn\u00e9 pivo pred\u00e1 ako kvalitn\u00e9. Tak je to v celom obchode  a remesle, ktor\u00fd vym\u00fd\u0161\u013ea, aby \u013eud\u00ed oklamal, a len hrabe, lakotne si po\u010d\u00edna a \u0161kod\u00ed.<br \/>\n      Kie\u017e d\u00e1 Boh, aby predsa Evanjelium a svedomie pretrv\u00e1valo, kde je to len  mo\u017en\u00e9.<\/p>\n<p>                                        Martin Luther: Smerovn\u00edk kres\u0165anskej  cesty<\/p>\n","protected":false},"excerpt":{"rendered":"<p>15. JANU\u00c1R Tak aj viera, ak nem\u00e1 skutkov, je sama o sebe m\u0155tva. Ale povie niekto: Ty m\u00e1\u0161 vieru a ja m\u00e1m skutky! Uk\u00e1\u017e mi svoju vieru bez skutkov! Ja ti zo svojich skutkov uk\u00e1\u017eem vieru. Jakub 2, 17 \u2013 18 Ko\u013eko\u017ee je teraz t\u00fdch, ktor\u00ed vychva\u013euj\u00fa Evanjelium , ktor\u00ed by pre Evanjelium nejak\u00fd halierik &#8230; <a title=\"15. JANU\u00c1R\" class=\"read-more\" href=\"https:\/\/www.e-anjelik.sk\/index.php\/2013\/01\/14\/15-januar\/\" aria-label=\"Pre\u010d\u00edtajte si viac o 15. JANU\u00c1R\">\u010c\u00edta\u0165 viac<\/a><\/p>\n","protected":false},"author":4,"featured_media":0,"comment_status":"open","ping_status":"open","sticky":false,"template":"","format":"standard","meta":{"footnotes":""},"categories":[1],"tags":[],"class_list":["post-5053","post","type-post","status-publish","format-standard","hentry","category-adventna-modlitba"],"_links":{"self":[{"href":"https:\/\/www.e-anjelik.sk\/index.php\/wp-json\/wp\/v2\/posts\/5053","targetHints":{"allow":["GET"]}}],"collection":[{"href":"https:\/\/www.e-anjelik.sk\/index.php\/wp-json\/wp\/v2\/posts"}],"about":[{"href":"https:\/\/www.e-anjelik.sk\/index.php\/wp-json\/wp\/v2\/types\/post"}],"author":[{"embeddable":true,"href":"https:\/\/www.e-anjelik.sk\/index.php\/wp-json\/wp\/v2\/users\/4"}],"replies":[{"embeddable":true,"href":"https:\/\/www.e-anjelik.sk\/index.php\/wp-json\/wp\/v2\/comments?post=5053"}],"version-history":[{"count":0,"href":"https:\/\/www.e-anjelik.sk\/index.php\/wp-json\/wp\/v2\/posts\/5053\/revisions"}],"wp:attachment":[{"href":"https:\/\/www.e-anjelik.sk\/index.php\/wp-json\/wp\/v2\/media?parent=5053"}],"wp:term":[{"taxonomy":"category","embeddable":true,"href":"https:\/\/www.e-anjelik.sk\/index.php\/wp-json\/wp\/v2\/categories?post=5053"},{"taxonomy":"post_tag","embeddable":true,"href":"https:\/\/www.e-anjelik.sk\/index.php\/wp-json\/wp\/v2\/tags?post=5053"}],"curies":[{"name":"wp","href":"https:\/\/api.w.org\/{rel}","templated":true}]}}