{"id":5064,"date":"2013-01-17T19:37:01","date_gmt":"2013-01-17T19:37:01","guid":{"rendered":"http:\/\/e-anjelik.sk\/?p=5064"},"modified":"2013-01-17T19:37:01","modified_gmt":"2013-01-17T19:37:01","slug":"17-januar","status":"publish","type":"post","link":"https:\/\/www.e-anjelik.sk\/index.php\/2013\/01\/17\/17-januar\/","title":{"rendered":"17. JANU\u00c1R"},"content":{"rendered":"<p>                                                                 17. JANU\u00c1R<\/p>\n<p>Nenazd\u00e1vajte sa, \u017ee som priniesol mier na zem; nepriniesol som mier, ale me\u010d. Lebo pri\u0161iel som rozdvoji\u0165 syna s otcom, dc\u00e9ru s materou, nevestu so svokrou. A nepriate\u013emi \u010dloveka bud\u00fa vlastn\u00ed dom\u00e1ci.<\/p>\n<p>                                                                                                                                                Mat\u00fa\u0161 10, 34 -36<\/p>\n<p>      V\u0161etky spory a vojny Starej zmluvy sa stali  obrazom evanjeliovej k\u00e1zne, ktor\u00e1  m u s \u00ed   vyvol\u00e1va\u0165 spory, rozdelenie, \u0161kriepky a boj.<br \/>\n     V takejto situ\u00e1cii sa ocitlo kres\u0165anstvo v \u010dase apo\u0161tolov a mart\u00fdrov, ke\u010f bolo na svojom vrchole. Je po\u017eehnan\u00fd nepokoj, rozruch, \u0161kriepky, vyvolan\u00e9 Bo\u017e\u00edm slovom.<br \/>\n     K e \u010f   i d e  o   p r a v \u00fa  v i e r u, nech\u00fdba ani teraz utrpenie a prenasledovanie, ale v\u00fdsledkom s\u00fa prav\u00ed kres\u0165ania.<\/p>\n<p>                                           Martin Luther: Smerovn\u00edk kres\u0165anskej cesty<\/p>\n","protected":false},"excerpt":{"rendered":"<p>17. JANU\u00c1R Nenazd\u00e1vajte sa, \u017ee som priniesol mier na zem; nepriniesol som mier, ale me\u010d. Lebo pri\u0161iel som rozdvoji\u0165 syna s otcom, dc\u00e9ru s materou, nevestu so svokrou. A nepriate\u013emi \u010dloveka bud\u00fa vlastn\u00ed dom\u00e1ci. Mat\u00fa\u0161 10, 34 -36 V\u0161etky spory a vojny Starej zmluvy sa stali obrazom evanjeliovej k\u00e1zne, ktor\u00e1 m u s \u00ed vyvol\u00e1va\u0165 &#8230; <a title=\"17. JANU\u00c1R\" class=\"read-more\" href=\"https:\/\/www.e-anjelik.sk\/index.php\/2013\/01\/17\/17-januar\/\" aria-label=\"Pre\u010d\u00edtajte si viac o 17. JANU\u00c1R\">\u010c\u00edta\u0165 viac<\/a><\/p>\n","protected":false},"author":4,"featured_media":0,"comment_status":"open","ping_status":"open","sticky":false,"template":"","format":"standard","meta":{"footnotes":""},"categories":[1],"tags":[],"class_list":["post-5064","post","type-post","status-publish","format-standard","hentry","category-adventna-modlitba"],"_links":{"self":[{"href":"https:\/\/www.e-anjelik.sk\/index.php\/wp-json\/wp\/v2\/posts\/5064","targetHints":{"allow":["GET"]}}],"collection":[{"href":"https:\/\/www.e-anjelik.sk\/index.php\/wp-json\/wp\/v2\/posts"}],"about":[{"href":"https:\/\/www.e-anjelik.sk\/index.php\/wp-json\/wp\/v2\/types\/post"}],"author":[{"embeddable":true,"href":"https:\/\/www.e-anjelik.sk\/index.php\/wp-json\/wp\/v2\/users\/4"}],"replies":[{"embeddable":true,"href":"https:\/\/www.e-anjelik.sk\/index.php\/wp-json\/wp\/v2\/comments?post=5064"}],"version-history":[{"count":0,"href":"https:\/\/www.e-anjelik.sk\/index.php\/wp-json\/wp\/v2\/posts\/5064\/revisions"}],"wp:attachment":[{"href":"https:\/\/www.e-anjelik.sk\/index.php\/wp-json\/wp\/v2\/media?parent=5064"}],"wp:term":[{"taxonomy":"category","embeddable":true,"href":"https:\/\/www.e-anjelik.sk\/index.php\/wp-json\/wp\/v2\/categories?post=5064"},{"taxonomy":"post_tag","embeddable":true,"href":"https:\/\/www.e-anjelik.sk\/index.php\/wp-json\/wp\/v2\/tags?post=5064"}],"curies":[{"name":"wp","href":"https:\/\/api.w.org\/{rel}","templated":true}]}}