{"id":5065,"date":"2013-01-17T20:18:01","date_gmt":"2013-01-17T20:18:01","guid":{"rendered":"http:\/\/e-anjelik.sk\/?p=5065"},"modified":"2013-01-17T20:18:01","modified_gmt":"2013-01-17T20:18:01","slug":"seminar-k-slb-v-ecav","status":"publish","type":"post","link":"https:\/\/www.e-anjelik.sk\/index.php\/2013\/01\/17\/seminar-k-slb-v-ecav\/","title":{"rendered":"Semin\u00e1r k SLB v ECAV"},"content":{"rendered":"<p>                                                       Odborn\u00fd semin\u00e1r na GB\u00da<\/p>\n<p>17.1.2013 sa konal na GB\u00da v Bratislave odborn\u00fd  k rozhlasov\u00fdm a telev\u00edznym prenosom  zo SLB, ktor\u00e9 s\u00fa v roku 2013 pl\u00e1novan\u00e9 v na\u0161ej ECAV na Slovensku. Prenosy zo SLB v minulo roku zhodnotil Mgr. Milan Jur\u00edk, PhD., prodekan  EBF a posl\u00fa\u017eil radami, ako  mo\u017eno skvalitni\u0165  SLB v m\u00e9di\u00e1ch.<br \/>\nV mene hymnologick\u00e9ho v\u00fdboru  prispela radami  kantorom,  liturgom a spevokolom  ses. Katar\u00edna Jur\u00edkov\u00e1.<br \/>\nZ\u00e1sady rozhlasov\u00fdch  SLB pribl\u00ed\u017eil  redaktor n\u00e1b.vysielania  RTVS  Pavel Gabri\u0161.<br \/>\nPo predn\u00e1\u0161ke nasledovala diskusia. Konkr\u00e9tne ot\u00e1zky je mo\u017en\u00e9 adresova\u0165 redaktorke RTVS Dagmar Mozolovej. Adresa:  RTVS- Slovensk\u00fd rozhlas,Odbor vlastnej tvorby, M\u00fdtna 1, 817 55 Bratislava 15.<br \/>\n\/dagmar.mozolova@rozhlas.sk, O2\/32 50 83 35\/<br \/>\nVysvetlenia k priamym prenosom v STV podal redaktor  Miloslav  Gdovin.<br \/>\nAdresa: miloslav.gdovin@stv.sk ,  02\/ 60 61 32 52, O918 8O6 075<br \/>\nN\u00e1vrh scen\u00e1ra  je potrebn\u00e9 posla\u0165  na adresu: klatikova@ecav.sk. Je vhodn\u00e9 posla\u0165 aj k\u00e1ze\u0148 k nahliadnutiu, ale po\u017eiada\u0165 o pr\u00edpadn\u00e9 konzult\u00e1cie.<br \/>\nZa RTVS odpovedala na ot\u00e1zky s. Tok\u00e1rov\u00e1, oddelenie n\u00e1bo\u017eenskej publicistiky Slov. telev\u00edzie.<br \/>\nSemin\u00e1r viedla ses. Edita \u0160kodov\u00e1.<br \/>\nPrv\u00e9  vysielan\u00e9  SLB v Sloveskom  rozhlase bud\u00fa 27.janu\u00e1ra z CZ V\u00fatky<br \/>\nRTVS \u2013 STV Dvojka vysiela Evanjelick\u00e9. SLB  9. febru\u00e1ra (sobota) \u2013 200.v\u00fdr\u010die narodenie Sama Tom\u00e1\u0161ika \u2013 CZ Chy\u017en\u00e9 .<\/p>\n","protected":false},"excerpt":{"rendered":"<p>Odborn\u00fd semin\u00e1r na GB\u00da 17.1.2013 sa konal na GB\u00da v Bratislave odborn\u00fd k rozhlasov\u00fdm a telev\u00edznym prenosom zo SLB, ktor\u00e9 s\u00fa v roku 2013 pl\u00e1novan\u00e9 v na\u0161ej ECAV na Slovensku. Prenosy zo SLB v minulo roku zhodnotil Mgr. Milan Jur\u00edk, PhD., prodekan EBF a posl\u00fa\u017eil radami, ako mo\u017eno skvalitni\u0165 SLB v m\u00e9di\u00e1ch. V mene hymnologick\u00e9ho &#8230; <a title=\"Semin\u00e1r k SLB v ECAV\" class=\"read-more\" href=\"https:\/\/www.e-anjelik.sk\/index.php\/2013\/01\/17\/seminar-k-slb-v-ecav\/\" aria-label=\"Pre\u010d\u00edtajte si viac o Semin\u00e1r k SLB v ECAV\">\u010c\u00edta\u0165 viac<\/a><\/p>\n","protected":false},"author":4,"featured_media":0,"comment_status":"open","ping_status":"open","sticky":false,"template":"","format":"standard","meta":{"footnotes":""},"categories":[1],"tags":[],"class_list":["post-5065","post","type-post","status-publish","format-standard","hentry","category-adventna-modlitba"],"_links":{"self":[{"href":"https:\/\/www.e-anjelik.sk\/index.php\/wp-json\/wp\/v2\/posts\/5065","targetHints":{"allow":["GET"]}}],"collection":[{"href":"https:\/\/www.e-anjelik.sk\/index.php\/wp-json\/wp\/v2\/posts"}],"about":[{"href":"https:\/\/www.e-anjelik.sk\/index.php\/wp-json\/wp\/v2\/types\/post"}],"author":[{"embeddable":true,"href":"https:\/\/www.e-anjelik.sk\/index.php\/wp-json\/wp\/v2\/users\/4"}],"replies":[{"embeddable":true,"href":"https:\/\/www.e-anjelik.sk\/index.php\/wp-json\/wp\/v2\/comments?post=5065"}],"version-history":[{"count":0,"href":"https:\/\/www.e-anjelik.sk\/index.php\/wp-json\/wp\/v2\/posts\/5065\/revisions"}],"wp:attachment":[{"href":"https:\/\/www.e-anjelik.sk\/index.php\/wp-json\/wp\/v2\/media?parent=5065"}],"wp:term":[{"taxonomy":"category","embeddable":true,"href":"https:\/\/www.e-anjelik.sk\/index.php\/wp-json\/wp\/v2\/categories?post=5065"},{"taxonomy":"post_tag","embeddable":true,"href":"https:\/\/www.e-anjelik.sk\/index.php\/wp-json\/wp\/v2\/tags?post=5065"}],"curies":[{"name":"wp","href":"https:\/\/api.w.org\/{rel}","templated":true}]}}