{"id":5069,"date":"2013-01-18T09:50:22","date_gmt":"2013-01-18T09:50:22","guid":{"rendered":"http:\/\/e-anjelik.sk\/?p=5069"},"modified":"2013-01-18T09:50:22","modified_gmt":"2013-01-18T09:50:22","slug":"cirkvi-v-polsku-podpisali-apel-na-ochranu-stvorenstva","status":"publish","type":"post","link":"https:\/\/www.e-anjelik.sk\/index.php\/2013\/01\/18\/cirkvi-v-polsku-podpisali-apel-na-ochranu-stvorenstva\/","title":{"rendered":"Cirkvi v Po\u013esku podp\u00edsali apel na ochranu stvorenstva"},"content":{"rendered":"<p>16. janu\u00e1ra 2013 na sekretari\u00e1te po\u013esk\u00e9ho episkop\u00e1tu ved\u00faci predstavitelia \u0161iestich cirkv\u00ed zdru\u017een\u00fdch v Ekumenickej rade cirkv\u00ed Po\u013eska a r\u00edmskokatol\u00edckej Konferencie biskupov podp\u00edsali historicky prv\u00fa v\u00fdzvu na ochranu stvorenstva. &#8222;Ochrana prostredia je nielen technick\u00fdm probl\u00e9mom ekologickej rovnov\u00e1hy, ale aj mor\u00e1lnym a duchovn\u00fdm probl\u00e9mom s\u00fa\u010dasn\u00e9ho \u010dloveka, ktor\u00fd zab\u00fada, \u017ee on s\u00e1m i svet s\u00fa Bo\u017e\u00edm stvoren\u00edm.&#8220; p\u00ed\u0161e sa v \u00favode dokumentu. Dokument po\u017eaduje redukciu komun\u00e1lnych odpadov, vyu\u017eitie a recykl\u00e1ciu skl\u00e1dok, \u010distenie vody, vzduchu a p\u00f4dy, ochranu lesov a ohrozen\u00fdch druhov rastl\u00edn a \u010fal\u0161\u00edch pr\u00edrodn\u00fdch pokladov a vyu\u017e\u00edvanie zelen\u00fdch technol\u00f3gi\u00ed.<br \/>\n(www.luteranie.pl)<\/p>\n","protected":false},"excerpt":{"rendered":"<p>16. janu\u00e1ra 2013 na sekretari\u00e1te po\u013esk\u00e9ho episkop\u00e1tu ved\u00faci predstavitelia \u0161iestich cirkv\u00ed zdru\u017een\u00fdch v Ekumenickej rade cirkv\u00ed Po\u013eska a r\u00edmskokatol\u00edckej Konferencie biskupov podp\u00edsali historicky prv\u00fa v\u00fdzvu na ochranu stvorenstva. &#8222;Ochrana prostredia je nielen technick\u00fdm probl\u00e9mom ekologickej rovnov\u00e1hy, ale aj mor\u00e1lnym a duchovn\u00fdm probl\u00e9mom s\u00fa\u010dasn\u00e9ho \u010dloveka, ktor\u00fd zab\u00fada, \u017ee on s\u00e1m i svet s\u00fa Bo\u017e\u00edm stvoren\u00edm.&#8220; p\u00ed\u0161e &#8230; <a title=\"Cirkvi v Po\u013esku podp\u00edsali apel na ochranu stvorenstva\" class=\"read-more\" href=\"https:\/\/www.e-anjelik.sk\/index.php\/2013\/01\/18\/cirkvi-v-polsku-podpisali-apel-na-ochranu-stvorenstva\/\" aria-label=\"Pre\u010d\u00edtajte si viac o Cirkvi v Po\u013esku podp\u00edsali apel na ochranu stvorenstva\">\u010c\u00edta\u0165 viac<\/a><\/p>\n","protected":false},"author":22,"featured_media":0,"comment_status":"open","ping_status":"open","sticky":false,"template":"","format":"standard","meta":{"footnotes":""},"categories":[2],"tags":[234],"class_list":["post-5069","post","type-post","status-publish","format-standard","hentry","category-ekumena","tag-zdruzenia-a-skupiny"],"_links":{"self":[{"href":"https:\/\/www.e-anjelik.sk\/index.php\/wp-json\/wp\/v2\/posts\/5069","targetHints":{"allow":["GET"]}}],"collection":[{"href":"https:\/\/www.e-anjelik.sk\/index.php\/wp-json\/wp\/v2\/posts"}],"about":[{"href":"https:\/\/www.e-anjelik.sk\/index.php\/wp-json\/wp\/v2\/types\/post"}],"author":[{"embeddable":true,"href":"https:\/\/www.e-anjelik.sk\/index.php\/wp-json\/wp\/v2\/users\/22"}],"replies":[{"embeddable":true,"href":"https:\/\/www.e-anjelik.sk\/index.php\/wp-json\/wp\/v2\/comments?post=5069"}],"version-history":[{"count":0,"href":"https:\/\/www.e-anjelik.sk\/index.php\/wp-json\/wp\/v2\/posts\/5069\/revisions"}],"wp:attachment":[{"href":"https:\/\/www.e-anjelik.sk\/index.php\/wp-json\/wp\/v2\/media?parent=5069"}],"wp:term":[{"taxonomy":"category","embeddable":true,"href":"https:\/\/www.e-anjelik.sk\/index.php\/wp-json\/wp\/v2\/categories?post=5069"},{"taxonomy":"post_tag","embeddable":true,"href":"https:\/\/www.e-anjelik.sk\/index.php\/wp-json\/wp\/v2\/tags?post=5069"}],"curies":[{"name":"wp","href":"https:\/\/api.w.org\/{rel}","templated":true}]}}