{"id":5070,"date":"2013-01-18T10:09:00","date_gmt":"2013-01-18T10:09:00","guid":{"rendered":"http:\/\/e-anjelik.sk\/?p=5070"},"modified":"2013-01-18T10:09:00","modified_gmt":"2013-01-18T10:09:00","slug":"treba-prelomit-mlcanie-o-nasili-voci-zenam","status":"publish","type":"post","link":"https:\/\/www.e-anjelik.sk\/index.php\/2013\/01\/18\/treba-prelomit-mlcanie-o-nasili-voci-zenam\/","title":{"rendered":"Treba prelomi\u0165 ml\u010danie o n\u00e1sil\u00ed vo\u010di \u017een\u00e1m"},"content":{"rendered":"<p>Gener\u00e1lny tajomn\u00edk Svetov\u00e9ho luter\u00e1nsk\u00e9ho zv\u00e4zu (SLZ) , far\u00e1r Martin Junge nap\u00edsal list Spojenej evanjelicko -luter\u00e1nskej cirkvi Indii . Reaguje v \u0148om na udalosti, ktor\u00e9 sa odohrali v dec. m.r. (pozn. L\u00e1: ale medzit\u00fdm u\u017e aj \u010fal\u0161ie v novom roku), kedy bola brut\u00e1lne zn\u00e1silnen\u00e1 mlad\u00e1 \u017eena v New Delhi, ktor\u00e1 na n\u00e1sledky brutality zomrela. Je to ve\u013ek\u00e1 v\u00fdzva na prelomenie ml\u010dania vo veci n\u00e1silia na \u017een\u00e1ch. Junge \u010falej vyz\u00fdva na dosiahnutie spravodlivosti pohlav\u00ed. &#8222;Modl\u00edme sa k Bohu, aby dal silu a odvahu rodin\u00e1m obet\u00ed a t\u00fdm, ktor\u00ed boli \u00fa\u010dastn\u00ed na zdie\u013ean\u00ed sm\u00fatku zo smrti.&#8220; \u010eakuje indick\u00fdm cirkv\u00e1m za doteraj\u0161iu pr\u00e1cu aj v tejto oblasti boja za spravodlivos\u0165 pohlav\u00ed a povzbudzuje ich v pokra\u010dovan\u00ed v nej spolu so \u0161t\u00e1tnou administrat\u00edvou.<br \/>\n(www.lutheranworld.org) <\/p>\n","protected":false},"excerpt":{"rendered":"<p>Gener\u00e1lny tajomn\u00edk Svetov\u00e9ho luter\u00e1nsk\u00e9ho zv\u00e4zu (SLZ) , far\u00e1r Martin Junge nap\u00edsal list Spojenej evanjelicko -luter\u00e1nskej cirkvi Indii . Reaguje v \u0148om na udalosti, ktor\u00e9 sa odohrali v dec. m.r. (pozn. L\u00e1: ale medzit\u00fdm u\u017e aj \u010fal\u0161ie v novom roku), kedy bola brut\u00e1lne zn\u00e1silnen\u00e1 mlad\u00e1 \u017eena v New Delhi, ktor\u00e1 na n\u00e1sledky brutality zomrela. Je to &#8230; <a title=\"Treba prelomi\u0165 ml\u010danie o n\u00e1sil\u00ed vo\u010di \u017een\u00e1m\" class=\"read-more\" href=\"https:\/\/www.e-anjelik.sk\/index.php\/2013\/01\/18\/treba-prelomit-mlcanie-o-nasili-voci-zenam\/\" aria-label=\"Pre\u010d\u00edtajte si viac o Treba prelomi\u0165 ml\u010danie o n\u00e1sil\u00ed vo\u010di \u017een\u00e1m\">\u010c\u00edta\u0165 viac<\/a><\/p>\n","protected":false},"author":22,"featured_media":0,"comment_status":"open","ping_status":"open","sticky":false,"template":"","format":"standard","meta":{"footnotes":""},"categories":[1],"tags":[234],"class_list":["post-5070","post","type-post","status-publish","format-standard","hentry","category-adventna-modlitba","tag-zdruzenia-a-skupiny"],"_links":{"self":[{"href":"https:\/\/www.e-anjelik.sk\/index.php\/wp-json\/wp\/v2\/posts\/5070","targetHints":{"allow":["GET"]}}],"collection":[{"href":"https:\/\/www.e-anjelik.sk\/index.php\/wp-json\/wp\/v2\/posts"}],"about":[{"href":"https:\/\/www.e-anjelik.sk\/index.php\/wp-json\/wp\/v2\/types\/post"}],"author":[{"embeddable":true,"href":"https:\/\/www.e-anjelik.sk\/index.php\/wp-json\/wp\/v2\/users\/22"}],"replies":[{"embeddable":true,"href":"https:\/\/www.e-anjelik.sk\/index.php\/wp-json\/wp\/v2\/comments?post=5070"}],"version-history":[{"count":0,"href":"https:\/\/www.e-anjelik.sk\/index.php\/wp-json\/wp\/v2\/posts\/5070\/revisions"}],"wp:attachment":[{"href":"https:\/\/www.e-anjelik.sk\/index.php\/wp-json\/wp\/v2\/media?parent=5070"}],"wp:term":[{"taxonomy":"category","embeddable":true,"href":"https:\/\/www.e-anjelik.sk\/index.php\/wp-json\/wp\/v2\/categories?post=5070"},{"taxonomy":"post_tag","embeddable":true,"href":"https:\/\/www.e-anjelik.sk\/index.php\/wp-json\/wp\/v2\/tags?post=5070"}],"curies":[{"name":"wp","href":"https:\/\/api.w.org\/{rel}","templated":true}]}}