{"id":5078,"date":"2013-01-21T08:20:42","date_gmt":"2013-01-21T08:20:42","guid":{"rendered":"http:\/\/e-anjelik.sk\/?p=5078"},"modified":"2013-01-21T08:20:42","modified_gmt":"2013-01-21T08:20:42","slug":"cirkev-v-dialogu-2","status":"publish","type":"post","link":"https:\/\/www.e-anjelik.sk\/index.php\/2013\/01\/21\/cirkev-v-dialogu-2\/","title":{"rendered":"Cirkev v dial\u00f3gu"},"content":{"rendered":"<p>Evanjelick\u00e1 severn\u00e1 cirkev v Nemecku chce zis\u0165ova\u0165 vz\u0165ah nekres\u0165anov vo\u010di n\u00e1bo\u017eenstvu a cirkvi. Za t\u00fdm \u00fa\u010delom pracovisko &#8222;Cirkev v dial\u00f3gu&#8220; vypracovalo dotazn\u00edk s asi 50 ot\u00e1zkami ,ktor\u00e9 roz\u0161\u00edria e\u0161te do konca janu\u00e1ra a bud\u00fa publikovan\u00e9 aj na internete. Povedal to pre epa Schwerinsk\u00fd biskup Andreas von Maltzahn. \u010cinnos\u0165ou tak\u00fdchto pracov\u00edsk sa objavia tie\u017e rezy a z\u00e1ujmy medzi cirkvou a ne\u010dlenmi cirkvi. &#8222;Chceme sa takto sta\u0165 ako cirkev otvoren\u00fdmi pre \u013eud\u00ed, ktor\u00ed s\u00fa na ceste h\u013eadania.&#8220; Nesk\u00f4r bud\u00fa pracovisk\u00e1 iniciova\u0165 cirkevn\u00e9 projekty a ich doprev\u00e1dza\u0165.<br \/>\nPracovisk\u00e1 &#8222;Cirkev v dial\u00f3gu&#8220; od\u0161tartovali v Hamburgu a Rostocku u\u017e roku 2011. V spolkovej krajine Meklenbursko -Predn\u00e9 Pomoransko je \u010dlenom cirkvi iba 21% obyvate\u013eov, v \u0160lezvicku &#8211; Hol\u0161tajnsku okolo 60%, v Hambugu do 41%.<br \/>\n(evangelisch.de)<\/p>\n","protected":false},"excerpt":{"rendered":"<p>Evanjelick\u00e1 severn\u00e1 cirkev v Nemecku chce zis\u0165ova\u0165 vz\u0165ah nekres\u0165anov vo\u010di n\u00e1bo\u017eenstvu a cirkvi. Za t\u00fdm \u00fa\u010delom pracovisko &#8222;Cirkev v dial\u00f3gu&#8220; vypracovalo dotazn\u00edk s asi 50 ot\u00e1zkami ,ktor\u00e9 roz\u0161\u00edria e\u0161te do konca janu\u00e1ra a bud\u00fa publikovan\u00e9 aj na internete. Povedal to pre epa Schwerinsk\u00fd biskup Andreas von Maltzahn. \u010cinnos\u0165ou tak\u00fdchto pracov\u00edsk sa objavia tie\u017e rezy a &#8230; <a title=\"Cirkev v dial\u00f3gu\" class=\"read-more\" href=\"https:\/\/www.e-anjelik.sk\/index.php\/2013\/01\/21\/cirkev-v-dialogu-2\/\" aria-label=\"Pre\u010d\u00edtajte si viac o Cirkev v dial\u00f3gu\">\u010c\u00edta\u0165 viac<\/a><\/p>\n","protected":false},"author":22,"featured_media":0,"comment_status":"open","ping_status":"open","sticky":false,"template":"","format":"standard","meta":{"footnotes":""},"categories":[1],"tags":[234],"class_list":["post-5078","post","type-post","status-publish","format-standard","hentry","category-adventna-modlitba","tag-zdruzenia-a-skupiny"],"_links":{"self":[{"href":"https:\/\/www.e-anjelik.sk\/index.php\/wp-json\/wp\/v2\/posts\/5078","targetHints":{"allow":["GET"]}}],"collection":[{"href":"https:\/\/www.e-anjelik.sk\/index.php\/wp-json\/wp\/v2\/posts"}],"about":[{"href":"https:\/\/www.e-anjelik.sk\/index.php\/wp-json\/wp\/v2\/types\/post"}],"author":[{"embeddable":true,"href":"https:\/\/www.e-anjelik.sk\/index.php\/wp-json\/wp\/v2\/users\/22"}],"replies":[{"embeddable":true,"href":"https:\/\/www.e-anjelik.sk\/index.php\/wp-json\/wp\/v2\/comments?post=5078"}],"version-history":[{"count":0,"href":"https:\/\/www.e-anjelik.sk\/index.php\/wp-json\/wp\/v2\/posts\/5078\/revisions"}],"wp:attachment":[{"href":"https:\/\/www.e-anjelik.sk\/index.php\/wp-json\/wp\/v2\/media?parent=5078"}],"wp:term":[{"taxonomy":"category","embeddable":true,"href":"https:\/\/www.e-anjelik.sk\/index.php\/wp-json\/wp\/v2\/categories?post=5078"},{"taxonomy":"post_tag","embeddable":true,"href":"https:\/\/www.e-anjelik.sk\/index.php\/wp-json\/wp\/v2\/tags?post=5078"}],"curies":[{"name":"wp","href":"https:\/\/api.w.org\/{rel}","templated":true}]}}