{"id":5081,"date":"2013-01-22T08:55:21","date_gmt":"2013-01-22T08:55:21","guid":{"rendered":"http:\/\/e-anjelik.sk\/?p=5081"},"modified":"2013-01-22T08:55:21","modified_gmt":"2013-01-22T08:55:21","slug":"22-januar","status":"publish","type":"post","link":"https:\/\/www.e-anjelik.sk\/index.php\/2013\/01\/22\/22-januar\/","title":{"rendered":"22. JANU\u00c1R"},"content":{"rendered":"<p>                                                                    22. JANU\u00c1R<\/p>\n<p>Ke\u010f Je\u017ei\u0161 odch\u00e1zal odtia\u013e, videl \u010dloveka menom Mat\u00fa\u0161 sedie\u0165 na colnici a povedal mu: Nasleduj ma! A on vstal a nasledoval Ho.<\/p>\n<p>                                                                                                                                                                          Mat\u00fa\u0161 9, 9:<\/p>\n<p>       Je v\u00fdborn\u00e1 \u00fatecha, \u017ee si za apo\u0161tola vol\u00ed ned\u00f4stojn\u00e9ho a hrie\u0161neho \u010dloveka nie preto, aby vo vysokom \u00farade spy\u0161nel, sk\u00f4r preto, aby nijak\u00fd hrie\u0161nik nestr\u00e1cal d\u00f4veru v Krista a nemusel si pri \u0147om z\u00fafa\u0165.<\/p>\n<p>          Ve\u010f kto\u017ee s\u00fa t\u00ed, ktor\u00ed s\u00fa v najvy\u0161\u0161om ch\u00f3re a sedia v najduchovnej\u0161ej rade? Nu\u017e, s\u00fa to ve\u013ek\u00ed a zn\u00e1mi hrie\u0161nici a coln\u00edci, ktor\u00ed by sa za svoju spravodlivos\u0165 celkom spr\u00e1vne dostali do hor\u00faceho pekla. <\/p>\n<p>         Preto Peter nem\u00e1 d\u00f4vod, pre\u010do by ma zavrhol alebo sa nado m\u0148a povy\u0161oval, aj ke\u010f som rovnak\u00fd hrie\u0161nik. Mal by sa rozpomen\u00fa\u0165 najm\u00e4 na to, \u017ee sa ocitol v spolo\u010denstve hrie\u0161nikov a najv\u00e4\u010d\u0161ie hriechy s nimi pop\u00e1chal.<\/p>\n<p>                                                 Martin Luther: Smerovn\u00edk kres\u0165anskej cesty<\/p>\n","protected":false},"excerpt":{"rendered":"<p>22. JANU\u00c1R Ke\u010f Je\u017ei\u0161 odch\u00e1zal odtia\u013e, videl \u010dloveka menom Mat\u00fa\u0161 sedie\u0165 na colnici a povedal mu: Nasleduj ma! A on vstal a nasledoval Ho. Mat\u00fa\u0161 9, 9: Je v\u00fdborn\u00e1 \u00fatecha, \u017ee si za apo\u0161tola vol\u00ed ned\u00f4stojn\u00e9ho a hrie\u0161neho \u010dloveka nie preto, aby vo vysokom \u00farade spy\u0161nel, sk\u00f4r preto, aby nijak\u00fd hrie\u0161nik nestr\u00e1cal d\u00f4veru v Krista &#8230; <a title=\"22. JANU\u00c1R\" class=\"read-more\" href=\"https:\/\/www.e-anjelik.sk\/index.php\/2013\/01\/22\/22-januar\/\" aria-label=\"Pre\u010d\u00edtajte si viac o 22. JANU\u00c1R\">\u010c\u00edta\u0165 viac<\/a><\/p>\n","protected":false},"author":4,"featured_media":0,"comment_status":"open","ping_status":"open","sticky":false,"template":"","format":"standard","meta":{"footnotes":""},"categories":[1],"tags":[],"class_list":["post-5081","post","type-post","status-publish","format-standard","hentry","category-adventna-modlitba"],"_links":{"self":[{"href":"https:\/\/www.e-anjelik.sk\/index.php\/wp-json\/wp\/v2\/posts\/5081","targetHints":{"allow":["GET"]}}],"collection":[{"href":"https:\/\/www.e-anjelik.sk\/index.php\/wp-json\/wp\/v2\/posts"}],"about":[{"href":"https:\/\/www.e-anjelik.sk\/index.php\/wp-json\/wp\/v2\/types\/post"}],"author":[{"embeddable":true,"href":"https:\/\/www.e-anjelik.sk\/index.php\/wp-json\/wp\/v2\/users\/4"}],"replies":[{"embeddable":true,"href":"https:\/\/www.e-anjelik.sk\/index.php\/wp-json\/wp\/v2\/comments?post=5081"}],"version-history":[{"count":0,"href":"https:\/\/www.e-anjelik.sk\/index.php\/wp-json\/wp\/v2\/posts\/5081\/revisions"}],"wp:attachment":[{"href":"https:\/\/www.e-anjelik.sk\/index.php\/wp-json\/wp\/v2\/media?parent=5081"}],"wp:term":[{"taxonomy":"category","embeddable":true,"href":"https:\/\/www.e-anjelik.sk\/index.php\/wp-json\/wp\/v2\/categories?post=5081"},{"taxonomy":"post_tag","embeddable":true,"href":"https:\/\/www.e-anjelik.sk\/index.php\/wp-json\/wp\/v2\/tags?post=5081"}],"curies":[{"name":"wp","href":"https:\/\/api.w.org\/{rel}","templated":true}]}}