{"id":5082,"date":"2013-01-22T09:58:48","date_gmt":"2013-01-22T09:58:48","guid":{"rendered":"http:\/\/e-anjelik.sk\/?p=5082"},"modified":"2013-01-22T09:58:48","modified_gmt":"2013-01-22T09:58:48","slug":"den-judaizmu-v-odese","status":"publish","type":"post","link":"https:\/\/www.e-anjelik.sk\/index.php\/2013\/01\/22\/den-judaizmu-v-odese\/","title":{"rendered":"De\u0148 judaizmu v Odese"},"content":{"rendered":"<p>17. janu\u00e1ra t.r. si kres\u0165ania na Ukrajine pripomenuli ako De\u0148 judaizmu.Mesto Odesa bolo prv\u00fdm mestom , kde sa konali spomienky. Odesa toti\u017e za\u010diatkom 20. storo\u010dia bolo tret\u00edm mestom na svete s najv\u00e4\u010d\u0161\u00edm po\u010dtom \u017eidov. Prv\u00fdm bol New York a druh\u00fdm Var\u0161ava. I dnes v \u0148om \u017eije po\u010detn\u00e1 komunita pr\u00edvr\u017eencov judaizmu. Pripomenutie malo dve zlo\u017eky: n\u00e1bo\u017eensk\u00fa a spolo\u010densk\u00fa. Pri prvej z\u00e1stupcovia r\u00edmskokatol\u00edckej a gr\u00e9ckokatol\u00edckej cirkvi Ukrainy ako aj Nemeckej evanjelicko-luter\u00e1nskej cirkvi na Ukrajine nav\u0161t\u00edvili synag\u00f3gu, kde ich priv\u00edtal hlavn\u00fd rab\u00edn Odesy a Juhu Ukrajiny Avram Volf. V kres\u0165ansk\u00fdch chr\u00e1moch sa konali modlitby za \u017eidovsk\u00fd n\u00e1rod. Spolo\u010densk\u00fa zlo\u017eku tvorili dve fotografick\u00e9 v\u00fdstavy. Cie\u013eom tohto podujatia bolo vytv\u00e1ranie atmosf\u00e9ry d\u00f4very medzi kres\u0165anmi a \u017eidmi, rozvoj mieru, spravodlivosti a ochrany \u017eivota.<br \/>\n(www.delku.org.ua)<\/p>\n","protected":false},"excerpt":{"rendered":"<p>17. janu\u00e1ra t.r. si kres\u0165ania na Ukrajine pripomenuli ako De\u0148 judaizmu.Mesto Odesa bolo prv\u00fdm mestom , kde sa konali spomienky. Odesa toti\u017e za\u010diatkom 20. storo\u010dia bolo tret\u00edm mestom na svete s najv\u00e4\u010d\u0161\u00edm po\u010dtom \u017eidov. Prv\u00fdm bol New York a druh\u00fdm Var\u0161ava. I dnes v \u0148om \u017eije po\u010detn\u00e1 komunita pr\u00edvr\u017eencov judaizmu. Pripomenutie malo dve zlo\u017eky: n\u00e1bo\u017eensk\u00fa &#8230; <a title=\"De\u0148 judaizmu v Odese\" class=\"read-more\" href=\"https:\/\/www.e-anjelik.sk\/index.php\/2013\/01\/22\/den-judaizmu-v-odese\/\" aria-label=\"Pre\u010d\u00edtajte si viac o De\u0148 judaizmu v Odese\">\u010c\u00edta\u0165 viac<\/a><\/p>\n","protected":false},"author":22,"featured_media":0,"comment_status":"open","ping_status":"open","sticky":false,"template":"","format":"standard","meta":{"footnotes":""},"categories":[1],"tags":[234],"class_list":["post-5082","post","type-post","status-publish","format-standard","hentry","category-adventna-modlitba","tag-zdruzenia-a-skupiny"],"_links":{"self":[{"href":"https:\/\/www.e-anjelik.sk\/index.php\/wp-json\/wp\/v2\/posts\/5082","targetHints":{"allow":["GET"]}}],"collection":[{"href":"https:\/\/www.e-anjelik.sk\/index.php\/wp-json\/wp\/v2\/posts"}],"about":[{"href":"https:\/\/www.e-anjelik.sk\/index.php\/wp-json\/wp\/v2\/types\/post"}],"author":[{"embeddable":true,"href":"https:\/\/www.e-anjelik.sk\/index.php\/wp-json\/wp\/v2\/users\/22"}],"replies":[{"embeddable":true,"href":"https:\/\/www.e-anjelik.sk\/index.php\/wp-json\/wp\/v2\/comments?post=5082"}],"version-history":[{"count":0,"href":"https:\/\/www.e-anjelik.sk\/index.php\/wp-json\/wp\/v2\/posts\/5082\/revisions"}],"wp:attachment":[{"href":"https:\/\/www.e-anjelik.sk\/index.php\/wp-json\/wp\/v2\/media?parent=5082"}],"wp:term":[{"taxonomy":"category","embeddable":true,"href":"https:\/\/www.e-anjelik.sk\/index.php\/wp-json\/wp\/v2\/categories?post=5082"},{"taxonomy":"post_tag","embeddable":true,"href":"https:\/\/www.e-anjelik.sk\/index.php\/wp-json\/wp\/v2\/tags?post=5082"}],"curies":[{"name":"wp","href":"https:\/\/api.w.org\/{rel}","templated":true}]}}