{"id":5085,"date":"2013-01-22T10:40:31","date_gmt":"2013-01-22T10:40:31","guid":{"rendered":"http:\/\/e-anjelik.sk\/?p=5085"},"modified":"2013-01-22T10:40:31","modified_gmt":"2013-01-22T10:40:31","slug":"konferencia-ev-mladeze-v-uljanovsku-rusko","status":"publish","type":"post","link":"https:\/\/www.e-anjelik.sk\/index.php\/2013\/01\/22\/konferencia-ev-mladeze-v-uljanovsku-rusko\/","title":{"rendered":"Konferencia ev. ml\u00e1de\u017ee v U\u013ejanovsku, Rusko"},"content":{"rendered":"<p>Cirkevn\u00fd zbor sv. M\u00e1rie v meste U\u013ejanovsk bol v d\u0148och 6. &#8211; 10. janu\u00e1ra 2013 miestom konferencie ev. ml\u00e1de\u017ee z troch cirkevn\u00fdch zborov ELCR : Saratova, Ufy a Kazane. Konferencia mala n\u00e1zov &#8220; Povolan\u00fd Kristom&#8220;. T\u00e9mou bol duchovn\u00fd rast, modlitby, budovanie spolo\u010denstva. Na konferencii boli pr\u00edtomn\u00ed aj mision\u00e1ri z Nemecka a N\u00f3rska na \u010dele s Kristianom Lande. Na konferencii sa preberali sp\u00f4soby t\u00edmovej pr\u00e1ce a d\u00f4le\u017eitosti zakladania ml\u00e1de\u017en\u00edckych skup\u00edn. O duchovnom raste hovorili : Vladimir Provorov, Igor Dyba a Andrej Soroko. V programe boli prehliadky videofilmov a spolo\u010densk\u00e9 hry.Organiz\u00e1torov te\u0161il entuziazmus pr\u00edtomn\u00fdch mlad\u00fdch, ich t\u00fa\u017eba pozn\u00e1va\u0165 Boha a sl\u00fa\u017ei\u0165 Mu spolu s in\u00fdmi.<br \/>\n(www.elkras.ru)<\/p>\n","protected":false},"excerpt":{"rendered":"<p>Cirkevn\u00fd zbor sv. M\u00e1rie v meste U\u013ejanovsk bol v d\u0148och 6. &#8211; 10. janu\u00e1ra 2013 miestom konferencie ev. ml\u00e1de\u017ee z troch cirkevn\u00fdch zborov ELCR : Saratova, Ufy a Kazane. Konferencia mala n\u00e1zov &#8220; Povolan\u00fd Kristom&#8220;. T\u00e9mou bol duchovn\u00fd rast, modlitby, budovanie spolo\u010denstva. Na konferencii boli pr\u00edtomn\u00ed aj mision\u00e1ri z Nemecka a N\u00f3rska na \u010dele s &#8230; <a title=\"Konferencia ev. ml\u00e1de\u017ee v U\u013ejanovsku, Rusko\" class=\"read-more\" href=\"https:\/\/www.e-anjelik.sk\/index.php\/2013\/01\/22\/konferencia-ev-mladeze-v-uljanovsku-rusko\/\" aria-label=\"Pre\u010d\u00edtajte si viac o Konferencia ev. ml\u00e1de\u017ee v U\u013ejanovsku, Rusko\">\u010c\u00edta\u0165 viac<\/a><\/p>\n","protected":false},"author":22,"featured_media":0,"comment_status":"open","ping_status":"open","sticky":false,"template":"","format":"standard","meta":{"footnotes":""},"categories":[1],"tags":[234],"class_list":["post-5085","post","type-post","status-publish","format-standard","hentry","category-adventna-modlitba","tag-zdruzenia-a-skupiny"],"_links":{"self":[{"href":"https:\/\/www.e-anjelik.sk\/index.php\/wp-json\/wp\/v2\/posts\/5085","targetHints":{"allow":["GET"]}}],"collection":[{"href":"https:\/\/www.e-anjelik.sk\/index.php\/wp-json\/wp\/v2\/posts"}],"about":[{"href":"https:\/\/www.e-anjelik.sk\/index.php\/wp-json\/wp\/v2\/types\/post"}],"author":[{"embeddable":true,"href":"https:\/\/www.e-anjelik.sk\/index.php\/wp-json\/wp\/v2\/users\/22"}],"replies":[{"embeddable":true,"href":"https:\/\/www.e-anjelik.sk\/index.php\/wp-json\/wp\/v2\/comments?post=5085"}],"version-history":[{"count":0,"href":"https:\/\/www.e-anjelik.sk\/index.php\/wp-json\/wp\/v2\/posts\/5085\/revisions"}],"wp:attachment":[{"href":"https:\/\/www.e-anjelik.sk\/index.php\/wp-json\/wp\/v2\/media?parent=5085"}],"wp:term":[{"taxonomy":"category","embeddable":true,"href":"https:\/\/www.e-anjelik.sk\/index.php\/wp-json\/wp\/v2\/categories?post=5085"},{"taxonomy":"post_tag","embeddable":true,"href":"https:\/\/www.e-anjelik.sk\/index.php\/wp-json\/wp\/v2\/tags?post=5085"}],"curies":[{"name":"wp","href":"https:\/\/api.w.org\/{rel}","templated":true}]}}