{"id":5090,"date":"2013-01-23T09:33:16","date_gmt":"2013-01-23T09:33:16","guid":{"rendered":"http:\/\/e-anjelik.sk\/?p=5090"},"modified":"2013-01-23T09:33:16","modified_gmt":"2013-01-23T09:33:16","slug":"merkelova-ocenila-stresnu-pietisticku-organizaciu","status":"publish","type":"post","link":"https:\/\/www.e-anjelik.sk\/index.php\/2013\/01\/23\/merkelova-ocenila-stresnu-pietisticku-organizaciu\/","title":{"rendered":"Merkelov\u00e1 ocenila stre\u0161n\u00fa pietistick\u00fa organiz\u00e1ciu"},"content":{"rendered":"<p>Nemeck\u00e1 spolkov\u00e1 kancel\u00e1rka Angela Merkelov\u00e1 ocenila stre\u0161n\u00fa pietistick\u00fa organiz\u00e1ciu v Nemecku Der Evangelische Gnadauer Gemeinschaftsverband ( Evanjelick\u00e9 Gnadausk\u00e9 zdru\u017eenie spolo\u010denstiev). T\u00e1to pietistick\u00e1 stre\u0161n\u00e1 organiz\u00e1cia oslavuje v tomto roku 125 rokov od svojho zalo\u017eenia. Pri tejto pr\u00edle\u017eitosti organizuje v Erfurte v d\u0148och 24. -27. janu\u00e1ra 2013 kongres o bud\u00facnosti. Merkelov\u00e1 v pozdravnom pr\u00edpise k jubileu vyzdvihla jej anga\u017eovanie v spolo\u010dnosti, silu, vytrvalos\u0165 a fant\u00e1ziu. Na kongres s mottom &#8222;Nanovo sa odv\u00e1\u017ei\u0165&#8220; prihl\u00e1silo sa do 2500 \u00fa\u010dastn\u00edkov. 60% s\u00fa to dobrovo\u013en\u00ed a 40% platen\u00ed pracovn\u00edci v spolo\u010denstv\u00e1ch. Stre\u0161n\u00e1 organiz\u00e1cia reprezentuje do 200 tis\u00edc evanjelick\u00fdch kres\u0165anov.Zah\u0155\u0148a okolo 38 region\u00e1lnych spolo\u010densk\u00fdch zv\u00e4zov v Nemecku, Rak\u00fasku a Holandsku, 6 ml\u00e1de\u017en\u00edckych spolkov, 11 teologick\u00fdch vzdel\u00e1vac\u00edch zariaden\u00ed, 7 mis\u00edjn\u00fdch spolo\u010dnost\u00ed, 16 diakonick\u00fdch matersk\u00fdch domovov a 10 pracov\u00edsk s in\u00fdmi \u00falohami. Predsedom stre\u0161nej organiz\u00e1cie je Michael Diener a gen. tajomn\u00edkom Theo Schneider v Kasseli. Bli\u017e\u0161ie o organiz\u00e1cii na www.gnadauer.de .<br \/>\n(www.idea.de)<\/p>\n","protected":false},"excerpt":{"rendered":"<p>Nemeck\u00e1 spolkov\u00e1 kancel\u00e1rka Angela Merkelov\u00e1 ocenila stre\u0161n\u00fa pietistick\u00fa organiz\u00e1ciu v Nemecku Der Evangelische Gnadauer Gemeinschaftsverband ( Evanjelick\u00e9 Gnadausk\u00e9 zdru\u017eenie spolo\u010denstiev). T\u00e1to pietistick\u00e1 stre\u0161n\u00e1 organiz\u00e1cia oslavuje v tomto roku 125 rokov od svojho zalo\u017eenia. Pri tejto pr\u00edle\u017eitosti organizuje v Erfurte v d\u0148och 24. -27. janu\u00e1ra 2013 kongres o bud\u00facnosti. Merkelov\u00e1 v pozdravnom pr\u00edpise k jubileu vyzdvihla &#8230; <a title=\"Merkelov\u00e1 ocenila stre\u0161n\u00fa pietistick\u00fa organiz\u00e1ciu\" class=\"read-more\" href=\"https:\/\/www.e-anjelik.sk\/index.php\/2013\/01\/23\/merkelova-ocenila-stresnu-pietisticku-organizaciu\/\" aria-label=\"Pre\u010d\u00edtajte si viac o Merkelov\u00e1 ocenila stre\u0161n\u00fa pietistick\u00fa organiz\u00e1ciu\">\u010c\u00edta\u0165 viac<\/a><\/p>\n","protected":false},"author":22,"featured_media":0,"comment_status":"open","ping_status":"open","sticky":false,"template":"","format":"standard","meta":{"footnotes":""},"categories":[1],"tags":[234],"class_list":["post-5090","post","type-post","status-publish","format-standard","hentry","category-adventna-modlitba","tag-zdruzenia-a-skupiny"],"_links":{"self":[{"href":"https:\/\/www.e-anjelik.sk\/index.php\/wp-json\/wp\/v2\/posts\/5090","targetHints":{"allow":["GET"]}}],"collection":[{"href":"https:\/\/www.e-anjelik.sk\/index.php\/wp-json\/wp\/v2\/posts"}],"about":[{"href":"https:\/\/www.e-anjelik.sk\/index.php\/wp-json\/wp\/v2\/types\/post"}],"author":[{"embeddable":true,"href":"https:\/\/www.e-anjelik.sk\/index.php\/wp-json\/wp\/v2\/users\/22"}],"replies":[{"embeddable":true,"href":"https:\/\/www.e-anjelik.sk\/index.php\/wp-json\/wp\/v2\/comments?post=5090"}],"version-history":[{"count":0,"href":"https:\/\/www.e-anjelik.sk\/index.php\/wp-json\/wp\/v2\/posts\/5090\/revisions"}],"wp:attachment":[{"href":"https:\/\/www.e-anjelik.sk\/index.php\/wp-json\/wp\/v2\/media?parent=5090"}],"wp:term":[{"taxonomy":"category","embeddable":true,"href":"https:\/\/www.e-anjelik.sk\/index.php\/wp-json\/wp\/v2\/categories?post=5090"},{"taxonomy":"post_tag","embeddable":true,"href":"https:\/\/www.e-anjelik.sk\/index.php\/wp-json\/wp\/v2\/tags?post=5090"}],"curies":[{"name":"wp","href":"https:\/\/api.w.org\/{rel}","templated":true}]}}