{"id":5091,"date":"2013-01-23T10:46:39","date_gmt":"2013-01-23T10:46:39","guid":{"rendered":"http:\/\/e-anjelik.sk\/?p=5091"},"modified":"2013-01-23T10:46:39","modified_gmt":"2013-01-23T10:46:39","slug":"23-januar","status":"publish","type":"post","link":"https:\/\/www.e-anjelik.sk\/index.php\/2013\/01\/23\/23-januar\/","title":{"rendered":"23. JANU\u00c1R"},"content":{"rendered":"<p>                                                            23. JANU\u00c1R<\/p>\n<p>My, siln\u00ed, povinn\u00ed sme teda zn\u00e1\u0161a\u0165  slabosti nevl\u00e1dnych a nie v sebe ma\u0165 z\u00e1\u013eubu.<\/p>\n<p>                                                                                                                                                  R\u00edmskym 15, 1<\/p>\n<p>      Neradi trp\u00edme poklesky in\u00fdch, ale viac po\u017eadujeme, aby boli dokonal\u00ed.<br \/>\n     V ich myslen\u00ed a re\u010diach niet jednoty, ak jeden chce to, in\u00fd si \u017eiada ono, aby mal mier a pokoj od in\u00e9ho a zbavil sa nepr\u00edjemnosti. Kto v\u0161ak m\u00f4\u017ee, zbavuje sa in\u00e9ho a odstrkuje ho od seba. Kr\u00e1\u0161liac sa potom vrav\u00ed, \u017ee kon\u00e1 pre spravodlivos\u0165, nechce v\u00f4kol seba spozn\u00e1va\u0165 zl\u00fdch \u013eud\u00ed, ale iba zbo\u017en\u00fdch a dobr\u00fdch ako je on s\u00e1m. Toto zlo vl\u00e1dne najviac v t\u00fdch, ktor\u00ed sk\u00f4r uverili ako in\u00ed a \u017eili \u010destn\u00fdm \u017eivotom, maj\u00fac v\u00e4\u010d\u0161iu milos\u0165, ktorou sa povy\u0161uj\u00fa a p\u00fd\u0161ia.<br \/>\n    \u010co sa im nepodob\u00e1, mus\u00ed zmizn\u00fa\u0165; odsudzuj\u00fa, zatracuj\u00fa a s\u00fa tou roztomilou ma\u010di\u010dkou v dome.<\/p>\n<p>                                            Martin Luther: Smerovn\u00edk kres\u0165anskej cirkvi<\/p>\n","protected":false},"excerpt":{"rendered":"<p>23. JANU\u00c1R My, siln\u00ed, povinn\u00ed sme teda zn\u00e1\u0161a\u0165 slabosti nevl\u00e1dnych a nie v sebe ma\u0165 z\u00e1\u013eubu. R\u00edmskym 15, 1 Neradi trp\u00edme poklesky in\u00fdch, ale viac po\u017eadujeme, aby boli dokonal\u00ed. V ich myslen\u00ed a re\u010diach niet jednoty, ak jeden chce to, in\u00fd si \u017eiada ono, aby mal mier a pokoj od in\u00e9ho a zbavil sa nepr\u00edjemnosti. &#8230; <a title=\"23. JANU\u00c1R\" class=\"read-more\" href=\"https:\/\/www.e-anjelik.sk\/index.php\/2013\/01\/23\/23-januar\/\" aria-label=\"Pre\u010d\u00edtajte si viac o 23. JANU\u00c1R\">\u010c\u00edta\u0165 viac<\/a><\/p>\n","protected":false},"author":4,"featured_media":0,"comment_status":"open","ping_status":"open","sticky":false,"template":"","format":"standard","meta":{"footnotes":""},"categories":[1],"tags":[],"class_list":["post-5091","post","type-post","status-publish","format-standard","hentry","category-adventna-modlitba"],"_links":{"self":[{"href":"https:\/\/www.e-anjelik.sk\/index.php\/wp-json\/wp\/v2\/posts\/5091","targetHints":{"allow":["GET"]}}],"collection":[{"href":"https:\/\/www.e-anjelik.sk\/index.php\/wp-json\/wp\/v2\/posts"}],"about":[{"href":"https:\/\/www.e-anjelik.sk\/index.php\/wp-json\/wp\/v2\/types\/post"}],"author":[{"embeddable":true,"href":"https:\/\/www.e-anjelik.sk\/index.php\/wp-json\/wp\/v2\/users\/4"}],"replies":[{"embeddable":true,"href":"https:\/\/www.e-anjelik.sk\/index.php\/wp-json\/wp\/v2\/comments?post=5091"}],"version-history":[{"count":0,"href":"https:\/\/www.e-anjelik.sk\/index.php\/wp-json\/wp\/v2\/posts\/5091\/revisions"}],"wp:attachment":[{"href":"https:\/\/www.e-anjelik.sk\/index.php\/wp-json\/wp\/v2\/media?parent=5091"}],"wp:term":[{"taxonomy":"category","embeddable":true,"href":"https:\/\/www.e-anjelik.sk\/index.php\/wp-json\/wp\/v2\/categories?post=5091"},{"taxonomy":"post_tag","embeddable":true,"href":"https:\/\/www.e-anjelik.sk\/index.php\/wp-json\/wp\/v2\/tags?post=5091"}],"curies":[{"name":"wp","href":"https:\/\/api.w.org\/{rel}","templated":true}]}}