{"id":5104,"date":"2013-01-28T15:22:51","date_gmt":"2013-01-28T15:22:51","guid":{"rendered":"http:\/\/e-anjelik.sk\/?p=5104"},"modified":"2013-01-28T15:22:51","modified_gmt":"2013-01-28T15:22:51","slug":"28-januar","status":"publish","type":"post","link":"https:\/\/www.e-anjelik.sk\/index.php\/2013\/01\/28\/28-januar\/","title":{"rendered":"28. JANU\u00c1R"},"content":{"rendered":"<p>                                                                          28. JANU\u00c1R<\/p>\n<p>Ale ja z Tvojej milosti smiem vst\u00fapi\u0165 do Tvojho domu, pred Tvoj\u00edm sv\u00e4t\u00fdm chr\u00e1mom kla\u0148a\u0165 sa budem v b\u00e1zni pred Tebou.<\/p>\n<p>                                                                                                                                                                       \u017dalm 5, 8<\/p>\n<p>     Vo dvoch veciach sa mus\u00ed \u010dlovek v \u017eivote cvi\u010di\u0165: v b\u00e1zni av n\u00e1deji. To s\u00fa dva vodn\u00e9 pramene, ktr\u00e9 vytekaj\u00fa nahpr i nadol, ako \u010d\u00edtame v knihe Sudcov 1, 15.<br \/>\nB\u00e1ze\u0148 poch\u00e1dza z n\u00e1zoru ohrozenia a desiaceho s\u00fadu Bo\u017eieho, pred ktor\u00e9ho tv\u00e1rou sa nach\u00e1dza ka\u017ed\u00fd ako ne\u010dist\u00fd, hrie\u0161nik, zatraten\u00fd.<br \/>\nN\u00e1dej vyviera z n\u00e1zoru, \u017ee je tu zas\u013e\u00fabenie a ute\u0161en\u00e9 milosrdenstvo Bo\u017eie, ako \u010d\u00edtame v \u017dalme 25, 6: \u00d3, Hospodine, pam\u00e4taj na svoje z\u013eutovanie, na svoju milos\u0165, lebo tie s\u00fa od vekov.<br \/>\n      Pred jeho tv\u00e1rou v\u0161ak nem\u00f4\u017ee nikto ne\u010dist\u00fd, nespravodliv\u00fd a  hrie\u0161ny obst\u00e1\u0165. V oblasti t\u00fdchto dvoch sa mus\u00ed \u010dlovek cel\u00fd \u010das pohybova\u0165 a nikdy nevybo\u010di\u0165 ani napravo ani na\u013eavo, podobne ako medzi horn\u00fdm a doln\u00fdm mlynsk\u00fdm kame\u0148om.<\/p>\n<p>                                                    Martin Luther: Smerovn\u00edk kres\u0165anskej cesty<\/p>\n","protected":false},"excerpt":{"rendered":"<p>28. JANU\u00c1R Ale ja z Tvojej milosti smiem vst\u00fapi\u0165 do Tvojho domu, pred Tvoj\u00edm sv\u00e4t\u00fdm chr\u00e1mom kla\u0148a\u0165 sa budem v b\u00e1zni pred Tebou. \u017dalm 5, 8 Vo dvoch veciach sa mus\u00ed \u010dlovek v \u017eivote cvi\u010di\u0165: v b\u00e1zni av n\u00e1deji. To s\u00fa dva vodn\u00e9 pramene, ktr\u00e9 vytekaj\u00fa nahpr i nadol, ako \u010d\u00edtame v knihe Sudcov 1, &#8230; <a title=\"28. JANU\u00c1R\" class=\"read-more\" href=\"https:\/\/www.e-anjelik.sk\/index.php\/2013\/01\/28\/28-januar\/\" aria-label=\"Pre\u010d\u00edtajte si viac o 28. JANU\u00c1R\">\u010c\u00edta\u0165 viac<\/a><\/p>\n","protected":false},"author":4,"featured_media":0,"comment_status":"open","ping_status":"open","sticky":false,"template":"","format":"standard","meta":{"footnotes":""},"categories":[1],"tags":[],"class_list":["post-5104","post","type-post","status-publish","format-standard","hentry","category-adventna-modlitba"],"_links":{"self":[{"href":"https:\/\/www.e-anjelik.sk\/index.php\/wp-json\/wp\/v2\/posts\/5104","targetHints":{"allow":["GET"]}}],"collection":[{"href":"https:\/\/www.e-anjelik.sk\/index.php\/wp-json\/wp\/v2\/posts"}],"about":[{"href":"https:\/\/www.e-anjelik.sk\/index.php\/wp-json\/wp\/v2\/types\/post"}],"author":[{"embeddable":true,"href":"https:\/\/www.e-anjelik.sk\/index.php\/wp-json\/wp\/v2\/users\/4"}],"replies":[{"embeddable":true,"href":"https:\/\/www.e-anjelik.sk\/index.php\/wp-json\/wp\/v2\/comments?post=5104"}],"version-history":[{"count":0,"href":"https:\/\/www.e-anjelik.sk\/index.php\/wp-json\/wp\/v2\/posts\/5104\/revisions"}],"wp:attachment":[{"href":"https:\/\/www.e-anjelik.sk\/index.php\/wp-json\/wp\/v2\/media?parent=5104"}],"wp:term":[{"taxonomy":"category","embeddable":true,"href":"https:\/\/www.e-anjelik.sk\/index.php\/wp-json\/wp\/v2\/categories?post=5104"},{"taxonomy":"post_tag","embeddable":true,"href":"https:\/\/www.e-anjelik.sk\/index.php\/wp-json\/wp\/v2\/tags?post=5104"}],"curies":[{"name":"wp","href":"https:\/\/api.w.org\/{rel}","templated":true}]}}