{"id":5105,"date":"2013-01-29T08:47:24","date_gmt":"2013-01-29T08:47:24","guid":{"rendered":"http:\/\/e-anjelik.sk\/?p=5105"},"modified":"2013-01-29T08:47:24","modified_gmt":"2013-01-29T08:47:24","slug":"vedecka-konferencia-o-lutherovi-v-madarsku","status":"publish","type":"post","link":"https:\/\/www.e-anjelik.sk\/index.php\/2013\/01\/29\/vedecka-konferencia-o-lutherovi-v-madarsku\/","title":{"rendered":"Vedeck\u00e1 konferencia o Lutherovi v Ma\u010farsku"},"content":{"rendered":"<p>V ostatn\u00fd janu\u00e1rov\u00fd v\u00edkend 2013 sa v R\u00e9vf\u00fcl\u00f6pe konala v porad\u00ed 6. vedeck\u00e1 konferencia o Lutherovi a jeho diele. Organizovala ho ECAV v MR, v\u00e4\u010d\u0161inu pr\u00edtomn\u00fdch tvorili neordinovan\u00ed. \u00davodn\u00fa pobo\u017enos\u0165 a z\u00e1vere\u010dn\u00e9 slu\u017eby Bo\u017eie viedol em. biskup Ittz\u00e9s J\u00e1nos. Predn\u00e1\u0161ky:<br \/>\n1. Reuss Andr\u00e1s: Luther a tolerancia<br \/>\n2. Hafenscher K\u00e1roly: Modliaci sa Luther<br \/>\n3. V\u00e9ghelyi Antal: Nepochopen\u00fd Luther. Pok\u00e1nie- odpustenie &#8211; Ve\u010dera P\u00e1nova.<br \/>\n4. Fab\u00edny Tibor: Spomienka na Erica W. Gritscha (1931 &#8211; 2012) americk\u00e9ho b\u00e1date\u013ea Luthera.<br \/>\n(www.evangelikus.hu)<\/p>\n","protected":false},"excerpt":{"rendered":"<p>V ostatn\u00fd janu\u00e1rov\u00fd v\u00edkend 2013 sa v R\u00e9vf\u00fcl\u00f6pe konala v porad\u00ed 6. vedeck\u00e1 konferencia o Lutherovi a jeho diele. Organizovala ho ECAV v MR, v\u00e4\u010d\u0161inu pr\u00edtomn\u00fdch tvorili neordinovan\u00ed. \u00davodn\u00fa pobo\u017enos\u0165 a z\u00e1vere\u010dn\u00e9 slu\u017eby Bo\u017eie viedol em. biskup Ittz\u00e9s J\u00e1nos. Predn\u00e1\u0161ky: 1. Reuss Andr\u00e1s: Luther a tolerancia 2. Hafenscher K\u00e1roly: Modliaci sa Luther 3. V\u00e9ghelyi Antal: &#8230; <a title=\"Vedeck\u00e1 konferencia o Lutherovi v Ma\u010farsku\" class=\"read-more\" href=\"https:\/\/www.e-anjelik.sk\/index.php\/2013\/01\/29\/vedecka-konferencia-o-lutherovi-v-madarsku\/\" aria-label=\"Pre\u010d\u00edtajte si viac o Vedeck\u00e1 konferencia o Lutherovi v Ma\u010farsku\">\u010c\u00edta\u0165 viac<\/a><\/p>\n","protected":false},"author":22,"featured_media":0,"comment_status":"open","ping_status":"open","sticky":false,"template":"","format":"standard","meta":{"footnotes":""},"categories":[1,14],"tags":[],"class_list":["post-5105","post","type-post","status-publish","format-standard","hentry","category-adventna-modlitba","category-osobnosti"],"_links":{"self":[{"href":"https:\/\/www.e-anjelik.sk\/index.php\/wp-json\/wp\/v2\/posts\/5105","targetHints":{"allow":["GET"]}}],"collection":[{"href":"https:\/\/www.e-anjelik.sk\/index.php\/wp-json\/wp\/v2\/posts"}],"about":[{"href":"https:\/\/www.e-anjelik.sk\/index.php\/wp-json\/wp\/v2\/types\/post"}],"author":[{"embeddable":true,"href":"https:\/\/www.e-anjelik.sk\/index.php\/wp-json\/wp\/v2\/users\/22"}],"replies":[{"embeddable":true,"href":"https:\/\/www.e-anjelik.sk\/index.php\/wp-json\/wp\/v2\/comments?post=5105"}],"version-history":[{"count":0,"href":"https:\/\/www.e-anjelik.sk\/index.php\/wp-json\/wp\/v2\/posts\/5105\/revisions"}],"wp:attachment":[{"href":"https:\/\/www.e-anjelik.sk\/index.php\/wp-json\/wp\/v2\/media?parent=5105"}],"wp:term":[{"taxonomy":"category","embeddable":true,"href":"https:\/\/www.e-anjelik.sk\/index.php\/wp-json\/wp\/v2\/categories?post=5105"},{"taxonomy":"post_tag","embeddable":true,"href":"https:\/\/www.e-anjelik.sk\/index.php\/wp-json\/wp\/v2\/tags?post=5105"}],"curies":[{"name":"wp","href":"https:\/\/api.w.org\/{rel}","templated":true}]}}