{"id":5107,"date":"2013-01-29T09:24:03","date_gmt":"2013-01-29T09:24:03","guid":{"rendered":"http:\/\/e-anjelik.sk\/?p=5107"},"modified":"2013-01-29T09:24:03","modified_gmt":"2013-01-29T09:24:03","slug":"kaplnke-v-helsinkach-udelili-krestansku-medialnu-cenu-za-rok-2012","status":"publish","type":"post","link":"https:\/\/www.e-anjelik.sk\/index.php\/2013\/01\/29\/kaplnke-v-helsinkach-udelili-krestansku-medialnu-cenu-za-rok-2012\/","title":{"rendered":"Kaplnke v Helsink\u00e1ch udelili kres\u0165ansk\u00fa medi\u00e1lnu cenu za rok 2012"},"content":{"rendered":"<p>V minul\u00fdch d\u0148och Asoci\u00e1cia kres\u0165ansk\u00fdch m\u00e9di\u00ed vo F\u00ednsku rozhodla, \u017ee medi\u00e1lnu cenu za rok 2012 udelia modernej  kaplnke v Helsink\u00e1ch. T\u00e1to kaplnka v centre hlavn\u00e9ho mesta, vo \u0161tvrti Kampen,  bola dan\u00e1 do prev\u00e1dzky 31. m\u00e1ja 2012 a sl\u00fa\u017ei v\u0161etk\u00fdm z\u00e1ujemcom, ktor\u00ed do nej vst\u00fapia. M\u00e1 \u0161peci\u00e1lnu architekt\u00faru, vn\u00fatro sa vyzna\u010duje strohou jednoduchos\u0165ou. Z\u00e1le\u017e\u00ed na n\u00e1v\u0161tevn\u00edkoch, \u010di jednoducho sedia ticho a medituj\u00fa, alebo po\u017eiadaj\u00fa o pomoc -inform\u00e1ciu soci\u00e1lneho \u010di cirkevn\u00e9ho pracovn\u00edka,ktor\u00ed sa tam nach\u00e1dzaj\u00fa. Takto kaplnka je komunikat\u00edvnou reakciou na \u013eudsk\u00e9 \u00fastredn\u00e9 \u017eivotn\u00e9 ot\u00e1zky. Vlani po\u010das nieko\u013ek\u00fdch mesiacov ju nav\u0161t\u00edvilo vy\u0161e \u0161tvr\u0165 mili\u00f3na os\u00f4b.<br \/>\n(evl.fi) <\/p>\n","protected":false},"excerpt":{"rendered":"<p>V minul\u00fdch d\u0148och Asoci\u00e1cia kres\u0165ansk\u00fdch m\u00e9di\u00ed vo F\u00ednsku rozhodla, \u017ee medi\u00e1lnu cenu za rok 2012 udelia modernej kaplnke v Helsink\u00e1ch. T\u00e1to kaplnka v centre hlavn\u00e9ho mesta, vo \u0161tvrti Kampen, bola dan\u00e1 do prev\u00e1dzky 31. m\u00e1ja 2012 a sl\u00fa\u017ei v\u0161etk\u00fdm z\u00e1ujemcom, ktor\u00ed do nej vst\u00fapia. M\u00e1 \u0161peci\u00e1lnu architekt\u00faru, vn\u00fatro sa vyzna\u010duje strohou jednoduchos\u0165ou. Z\u00e1le\u017e\u00ed na n\u00e1v\u0161tevn\u00edkoch, &#8230; <a title=\"Kaplnke v Helsink\u00e1ch udelili kres\u0165ansk\u00fa medi\u00e1lnu cenu za rok 2012\" class=\"read-more\" href=\"https:\/\/www.e-anjelik.sk\/index.php\/2013\/01\/29\/kaplnke-v-helsinkach-udelili-krestansku-medialnu-cenu-za-rok-2012\/\" aria-label=\"Pre\u010d\u00edtajte si viac o Kaplnke v Helsink\u00e1ch udelili kres\u0165ansk\u00fa medi\u00e1lnu cenu za rok 2012\">\u010c\u00edta\u0165 viac<\/a><\/p>\n","protected":false},"author":22,"featured_media":0,"comment_status":"open","ping_status":"open","sticky":false,"template":"","format":"standard","meta":{"footnotes":""},"categories":[1],"tags":[234],"class_list":["post-5107","post","type-post","status-publish","format-standard","hentry","category-adventna-modlitba","tag-zdruzenia-a-skupiny"],"_links":{"self":[{"href":"https:\/\/www.e-anjelik.sk\/index.php\/wp-json\/wp\/v2\/posts\/5107","targetHints":{"allow":["GET"]}}],"collection":[{"href":"https:\/\/www.e-anjelik.sk\/index.php\/wp-json\/wp\/v2\/posts"}],"about":[{"href":"https:\/\/www.e-anjelik.sk\/index.php\/wp-json\/wp\/v2\/types\/post"}],"author":[{"embeddable":true,"href":"https:\/\/www.e-anjelik.sk\/index.php\/wp-json\/wp\/v2\/users\/22"}],"replies":[{"embeddable":true,"href":"https:\/\/www.e-anjelik.sk\/index.php\/wp-json\/wp\/v2\/comments?post=5107"}],"version-history":[{"count":0,"href":"https:\/\/www.e-anjelik.sk\/index.php\/wp-json\/wp\/v2\/posts\/5107\/revisions"}],"wp:attachment":[{"href":"https:\/\/www.e-anjelik.sk\/index.php\/wp-json\/wp\/v2\/media?parent=5107"}],"wp:term":[{"taxonomy":"category","embeddable":true,"href":"https:\/\/www.e-anjelik.sk\/index.php\/wp-json\/wp\/v2\/categories?post=5107"},{"taxonomy":"post_tag","embeddable":true,"href":"https:\/\/www.e-anjelik.sk\/index.php\/wp-json\/wp\/v2\/tags?post=5107"}],"curies":[{"name":"wp","href":"https:\/\/api.w.org\/{rel}","templated":true}]}}