{"id":5108,"date":"2013-01-29T09:43:13","date_gmt":"2013-01-29T09:43:13","guid":{"rendered":"http:\/\/e-anjelik.sk\/?p=5108"},"modified":"2013-01-29T09:43:13","modified_gmt":"2013-01-29T09:43:13","slug":"v-eisleben-otvoria-opat-dom-kde-zomrel-luther","status":"publish","type":"post","link":"https:\/\/www.e-anjelik.sk\/index.php\/2013\/01\/29\/v-eisleben-otvoria-opat-dom-kde-zomrel-luther\/","title":{"rendered":"V Eisleben otvoria op\u00e4\u0165 dom, kde zomrel Luther"},"content":{"rendered":"<p>V piatok 1. febru\u00e1ra t.r. v nemeckom meste Eisleben po dvoch rokoch renov\u00e1cie op\u00e4\u0165 otvoria dom, v ktorom zomrel reform\u00e1tor Dr. Martin Luther. M\u00fazeum v novom vydan\u00ed bude prezentova\u0165 nielen posledn\u00e9 hodiny pozemsk\u00e9ho \u017eivota, ale aj my\u0161lienky a diela teol\u00f3ga Luthera k t\u00e9me smrti, t.j. Luther ako sm\u00fatiaci a pote\u0161uj\u00faci. V\u00fdstavn\u00e1 plocha bude ma\u0165 spolu 650 m2.<br \/>\n(www.ekmd.de)<\/p>\n","protected":false},"excerpt":{"rendered":"<p>V piatok 1. febru\u00e1ra t.r. v nemeckom meste Eisleben po dvoch rokoch renov\u00e1cie op\u00e4\u0165 otvoria dom, v ktorom zomrel reform\u00e1tor Dr. Martin Luther. M\u00fazeum v novom vydan\u00ed bude prezentova\u0165 nielen posledn\u00e9 hodiny pozemsk\u00e9ho \u017eivota, ale aj my\u0161lienky a diela teol\u00f3ga Luthera k t\u00e9me smrti, t.j. Luther ako sm\u00fatiaci a pote\u0161uj\u00faci. V\u00fdstavn\u00e1 plocha bude ma\u0165 spolu &#8230; <a title=\"V Eisleben otvoria op\u00e4\u0165 dom, kde zomrel Luther\" class=\"read-more\" href=\"https:\/\/www.e-anjelik.sk\/index.php\/2013\/01\/29\/v-eisleben-otvoria-opat-dom-kde-zomrel-luther\/\" aria-label=\"Pre\u010d\u00edtajte si viac o V Eisleben otvoria op\u00e4\u0165 dom, kde zomrel Luther\">\u010c\u00edta\u0165 viac<\/a><\/p>\n","protected":false},"author":22,"featured_media":0,"comment_status":"open","ping_status":"open","sticky":false,"template":"","format":"standard","meta":{"footnotes":""},"categories":[1,193],"tags":[],"class_list":["post-5108","post","type-post","status-publish","format-standard","hentry","category-adventna-modlitba","category-co-pisu-ini"],"_links":{"self":[{"href":"https:\/\/www.e-anjelik.sk\/index.php\/wp-json\/wp\/v2\/posts\/5108","targetHints":{"allow":["GET"]}}],"collection":[{"href":"https:\/\/www.e-anjelik.sk\/index.php\/wp-json\/wp\/v2\/posts"}],"about":[{"href":"https:\/\/www.e-anjelik.sk\/index.php\/wp-json\/wp\/v2\/types\/post"}],"author":[{"embeddable":true,"href":"https:\/\/www.e-anjelik.sk\/index.php\/wp-json\/wp\/v2\/users\/22"}],"replies":[{"embeddable":true,"href":"https:\/\/www.e-anjelik.sk\/index.php\/wp-json\/wp\/v2\/comments?post=5108"}],"version-history":[{"count":0,"href":"https:\/\/www.e-anjelik.sk\/index.php\/wp-json\/wp\/v2\/posts\/5108\/revisions"}],"wp:attachment":[{"href":"https:\/\/www.e-anjelik.sk\/index.php\/wp-json\/wp\/v2\/media?parent=5108"}],"wp:term":[{"taxonomy":"category","embeddable":true,"href":"https:\/\/www.e-anjelik.sk\/index.php\/wp-json\/wp\/v2\/categories?post=5108"},{"taxonomy":"post_tag","embeddable":true,"href":"https:\/\/www.e-anjelik.sk\/index.php\/wp-json\/wp\/v2\/tags?post=5108"}],"curies":[{"name":"wp","href":"https:\/\/api.w.org\/{rel}","templated":true}]}}