{"id":5120,"date":"2013-01-31T09:15:52","date_gmt":"2013-01-31T09:15:52","guid":{"rendered":"http:\/\/e-anjelik.sk\/?p=5120"},"modified":"2013-01-31T09:15:52","modified_gmt":"2013-01-31T09:15:52","slug":"sportove-bohosluzby-v-schladmingu-rakusko","status":"publish","type":"post","link":"https:\/\/www.e-anjelik.sk\/index.php\/2013\/01\/31\/sportove-bohosluzby-v-schladmingu-rakusko\/","title":{"rendered":"&#8222;\u0160portov\u00e9&#8220; bohoslu\u017eby v Schladmingu, Rak\u00fasko"},"content":{"rendered":"<p>V nede\u013eu 3. febru\u00e1ra 2013 sa vo ve\u010dern\u00fdch hodin\u00e1ch bud\u00fa kona\u0165 v ev. kostole v Schladmingu, Rak\u00fasko &#8222;\u0161portov\u00e9&#8220; slu\u017eby Bo\u017eie v predve\u010der otvorenia MS v ly\u017eovan\u00ed. Iniciatormi SB s\u00fa miestne farnosti s ich far\u00e1rmi. Kr\u00e1tke k\u00e1zne povedia biskup EC Rak\u00faska M. Buenker a sv\u00e4tiaci biskup z Grazu Franz Lackner , zodpovedn\u00fd za oblas\u0165 \u0161portu v kat. cirkvi. Na bohoslu\u017eb\u00e1ch sa po\u010d\u00edta s \u00fa\u010das\u0165ou \u0161portovcov, funkcion\u00e1rov, host\u00ed a dom\u00e1cich veriacich.<br \/>\n(www.evang.at)<\/p>\n","protected":false},"excerpt":{"rendered":"<p>V nede\u013eu 3. febru\u00e1ra 2013 sa vo ve\u010dern\u00fdch hodin\u00e1ch bud\u00fa kona\u0165 v ev. kostole v Schladmingu, Rak\u00fasko &#8222;\u0161portov\u00e9&#8220; slu\u017eby Bo\u017eie v predve\u010der otvorenia MS v ly\u017eovan\u00ed. Iniciatormi SB s\u00fa miestne farnosti s ich far\u00e1rmi. Kr\u00e1tke k\u00e1zne povedia biskup EC Rak\u00faska M. Buenker a sv\u00e4tiaci biskup z Grazu Franz Lackner , zodpovedn\u00fd za oblas\u0165 \u0161portu v &#8230; <a title=\"&#8222;\u0160portov\u00e9&#8220; bohoslu\u017eby v Schladmingu, Rak\u00fasko\" class=\"read-more\" href=\"https:\/\/www.e-anjelik.sk\/index.php\/2013\/01\/31\/sportove-bohosluzby-v-schladmingu-rakusko\/\" aria-label=\"Pre\u010d\u00edtajte si viac o &#8222;\u0160portov\u00e9&#8220; bohoslu\u017eby v Schladmingu, Rak\u00fasko\">\u010c\u00edta\u0165 viac<\/a><\/p>\n","protected":false},"author":22,"featured_media":0,"comment_status":"open","ping_status":"open","sticky":false,"template":"","format":"standard","meta":{"footnotes":""},"categories":[1],"tags":[234],"class_list":["post-5120","post","type-post","status-publish","format-standard","hentry","category-adventna-modlitba","tag-zdruzenia-a-skupiny"],"_links":{"self":[{"href":"https:\/\/www.e-anjelik.sk\/index.php\/wp-json\/wp\/v2\/posts\/5120","targetHints":{"allow":["GET"]}}],"collection":[{"href":"https:\/\/www.e-anjelik.sk\/index.php\/wp-json\/wp\/v2\/posts"}],"about":[{"href":"https:\/\/www.e-anjelik.sk\/index.php\/wp-json\/wp\/v2\/types\/post"}],"author":[{"embeddable":true,"href":"https:\/\/www.e-anjelik.sk\/index.php\/wp-json\/wp\/v2\/users\/22"}],"replies":[{"embeddable":true,"href":"https:\/\/www.e-anjelik.sk\/index.php\/wp-json\/wp\/v2\/comments?post=5120"}],"version-history":[{"count":0,"href":"https:\/\/www.e-anjelik.sk\/index.php\/wp-json\/wp\/v2\/posts\/5120\/revisions"}],"wp:attachment":[{"href":"https:\/\/www.e-anjelik.sk\/index.php\/wp-json\/wp\/v2\/media?parent=5120"}],"wp:term":[{"taxonomy":"category","embeddable":true,"href":"https:\/\/www.e-anjelik.sk\/index.php\/wp-json\/wp\/v2\/categories?post=5120"},{"taxonomy":"post_tag","embeddable":true,"href":"https:\/\/www.e-anjelik.sk\/index.php\/wp-json\/wp\/v2\/tags?post=5120"}],"curies":[{"name":"wp","href":"https:\/\/api.w.org\/{rel}","templated":true}]}}