{"id":5125,"date":"2013-02-01T09:52:57","date_gmt":"2013-02-01T09:52:57","guid":{"rendered":"http:\/\/e-anjelik.sk\/?p=5125"},"modified":"2013-02-01T09:52:57","modified_gmt":"2013-02-01T09:52:57","slug":"f-clavairoly-novym-prezidentom-protestantskej-federacie-francuzska","status":"publish","type":"post","link":"https:\/\/www.e-anjelik.sk\/index.php\/2013\/02\/01\/f-clavairoly-novym-prezidentom-protestantskej-federacie-francuzska\/","title":{"rendered":"F. Clavairoly &#8211; nov\u00fdm prezidentom Protestantskej feder\u00e1cie Franc\u00fazska"},"content":{"rendered":"<p>Fran\u00e7ois Clavairoly ,far\u00e1r Spojenej protestantskej cirkvi vo Franc\u00fazsku, bol zvolen\u00fd za nov\u00e9ho prezidenta Protestantskej feder\u00e1cie Franc\u00fazska (FPF). Ozn\u00e1mil to s\u00fa\u010dasn\u00fd prezident feder\u00e1cie Claude Baty pred VZ FPF 19. janu\u00e1ra 2013 .FPF je stre\u0161n\u00e1 organiz\u00e1cia 26 cirkv\u00ed a cirkevn\u00fdch spolkov rozli\u010dn\u00fdch denomin\u00e1ci\u00ed ako aj 80 dal\u0161\u00edch protestantsk\u00fdch in\u0161tit\u00faci\u00ed.  Fran\u00e7ois Clavairoly poch\u00e1dza z reformovanej far\u00e1rskej rodiny.Pracuje ako far\u00e1r cz Sv. Ducha v Par\u00ed\u017ei. Je ekumenick\u00fd a medzin\u00e1bo\u017eensky anga\u017eovan\u00fd. Pracuje v po\u010detn\u00fdch cirkevn\u00fdch gr\u00e9mi\u00e1ch. Je \u017eenat\u00fd, m\u00e1 tri deti a dvoch vnukov. \u00darad prevezme 1. okt\u00f3bra 2013 po skon\u010den\u00ed 2. Franc\u00fazskych protestantsk\u00fdch dn\u00ed  ,ktor\u00e9 bud\u00fa pod mottom &#8222;Par\u00ed\u017e pln\u00fd n\u00e1deje&#8220; v d\u0148och 27.- 29. septembra 2013.<br \/>\n(www.gustav-adolf-werk.de)<\/p>\n","protected":false},"excerpt":{"rendered":"<p>Fran\u00e7ois Clavairoly ,far\u00e1r Spojenej protestantskej cirkvi vo Franc\u00fazsku, bol zvolen\u00fd za nov\u00e9ho prezidenta Protestantskej feder\u00e1cie Franc\u00fazska (FPF). Ozn\u00e1mil to s\u00fa\u010dasn\u00fd prezident feder\u00e1cie Claude Baty pred VZ FPF 19. janu\u00e1ra 2013 .FPF je stre\u0161n\u00e1 organiz\u00e1cia 26 cirkv\u00ed a cirkevn\u00fdch spolkov rozli\u010dn\u00fdch denomin\u00e1ci\u00ed ako aj 80 dal\u0161\u00edch protestantsk\u00fdch in\u0161tit\u00faci\u00ed. Fran\u00e7ois Clavairoly poch\u00e1dza z reformovanej far\u00e1rskej rodiny.Pracuje ako &#8230; <a title=\"F. Clavairoly &#8211; nov\u00fdm prezidentom Protestantskej feder\u00e1cie Franc\u00fazska\" class=\"read-more\" href=\"https:\/\/www.e-anjelik.sk\/index.php\/2013\/02\/01\/f-clavairoly-novym-prezidentom-protestantskej-federacie-francuzska\/\" aria-label=\"Pre\u010d\u00edtajte si viac o F. Clavairoly &#8211; nov\u00fdm prezidentom Protestantskej feder\u00e1cie Franc\u00fazska\">\u010c\u00edta\u0165 viac<\/a><\/p>\n","protected":false},"author":22,"featured_media":0,"comment_status":"open","ping_status":"open","sticky":false,"template":"","format":"standard","meta":{"footnotes":""},"categories":[1,14],"tags":[],"class_list":["post-5125","post","type-post","status-publish","format-standard","hentry","category-adventna-modlitba","category-osobnosti"],"_links":{"self":[{"href":"https:\/\/www.e-anjelik.sk\/index.php\/wp-json\/wp\/v2\/posts\/5125","targetHints":{"allow":["GET"]}}],"collection":[{"href":"https:\/\/www.e-anjelik.sk\/index.php\/wp-json\/wp\/v2\/posts"}],"about":[{"href":"https:\/\/www.e-anjelik.sk\/index.php\/wp-json\/wp\/v2\/types\/post"}],"author":[{"embeddable":true,"href":"https:\/\/www.e-anjelik.sk\/index.php\/wp-json\/wp\/v2\/users\/22"}],"replies":[{"embeddable":true,"href":"https:\/\/www.e-anjelik.sk\/index.php\/wp-json\/wp\/v2\/comments?post=5125"}],"version-history":[{"count":0,"href":"https:\/\/www.e-anjelik.sk\/index.php\/wp-json\/wp\/v2\/posts\/5125\/revisions"}],"wp:attachment":[{"href":"https:\/\/www.e-anjelik.sk\/index.php\/wp-json\/wp\/v2\/media?parent=5125"}],"wp:term":[{"taxonomy":"category","embeddable":true,"href":"https:\/\/www.e-anjelik.sk\/index.php\/wp-json\/wp\/v2\/categories?post=5125"},{"taxonomy":"post_tag","embeddable":true,"href":"https:\/\/www.e-anjelik.sk\/index.php\/wp-json\/wp\/v2\/tags?post=5125"}],"curies":[{"name":"wp","href":"https:\/\/api.w.org\/{rel}","templated":true}]}}