{"id":5127,"date":"2013-02-01T10:32:30","date_gmt":"2013-02-01T10:32:30","guid":{"rendered":"http:\/\/e-anjelik.sk\/?p=5127"},"modified":"2013-02-01T10:32:30","modified_gmt":"2013-02-01T10:32:30","slug":"40-dni-modlitieb-a-postu-v-nemecku","status":"publish","type":"post","link":"https:\/\/www.e-anjelik.sk\/index.php\/2013\/02\/01\/40-dni-modlitieb-a-postu-v-nemecku\/","title":{"rendered":"40 dn\u00ed modlitieb a p\u00f4stu v Nemecku"},"content":{"rendered":"<p>Nemeck\u00e1 evanjelick\u00e1 aliancia a Pracovn\u00e9 spolo\u010denstvo mis\u00edjnych slu\u017eieb organizuj\u00fa 40 dn\u00ed modlitieb a p\u00f4stu za Nemecko. Akcia chce podnieti\u0165 jednotlivcov ku vzdaniu sa v nejakom dlh\u0161om \u010dase alebo raz t\u00fd\u017edenne sladkost\u00ed, alkoholu, m\u00e4sa, telev\u00edzie, po\u010d\u00edta\u010da alebo n\u00e1kupov. D\u00f4le\u017eit\u00e9 je v\u0161ak, po\u010d\u00fava\u0165, \u010do postiacemu kladie na srdce Boh.Na pomoc modliacim sl\u00fa\u017ei sedem zelen\u00fdch kariet. Na nich s\u00fa \u0165a\u017eisk\u00e1 pre jednotliv\u00e9 t\u00fd\u017edne v modlen\u00ed a \u010d\u00edtan\u00ed P\u00edsma. S akciou bude spojen\u00e1 N\u00e1rodn\u00e1 modlitebn\u00e1 konferencia v Kasseli v \u010dase 15.-17. febru\u00e1ra 2013.<br \/>\n(www.idea.de)  <\/p>\n","protected":false},"excerpt":{"rendered":"<p>Nemeck\u00e1 evanjelick\u00e1 aliancia a Pracovn\u00e9 spolo\u010denstvo mis\u00edjnych slu\u017eieb organizuj\u00fa 40 dn\u00ed modlitieb a p\u00f4stu za Nemecko. Akcia chce podnieti\u0165 jednotlivcov ku vzdaniu sa v nejakom dlh\u0161om \u010dase alebo raz t\u00fd\u017edenne sladkost\u00ed, alkoholu, m\u00e4sa, telev\u00edzie, po\u010d\u00edta\u010da alebo n\u00e1kupov. D\u00f4le\u017eit\u00e9 je v\u0161ak, po\u010d\u00fava\u0165, \u010do postiacemu kladie na srdce Boh.Na pomoc modliacim sl\u00fa\u017ei sedem zelen\u00fdch kariet. Na nich &#8230; <a title=\"40 dn\u00ed modlitieb a p\u00f4stu v Nemecku\" class=\"read-more\" href=\"https:\/\/www.e-anjelik.sk\/index.php\/2013\/02\/01\/40-dni-modlitieb-a-postu-v-nemecku\/\" aria-label=\"Pre\u010d\u00edtajte si viac o 40 dn\u00ed modlitieb a p\u00f4stu v Nemecku\">\u010c\u00edta\u0165 viac<\/a><\/p>\n","protected":false},"author":22,"featured_media":0,"comment_status":"open","ping_status":"open","sticky":false,"template":"","format":"standard","meta":{"footnotes":""},"categories":[9,10],"tags":[],"class_list":["post-5127","post","type-post","status-publish","format-standard","hentry","category-europa","category-zo-sveta"],"_links":{"self":[{"href":"https:\/\/www.e-anjelik.sk\/index.php\/wp-json\/wp\/v2\/posts\/5127","targetHints":{"allow":["GET"]}}],"collection":[{"href":"https:\/\/www.e-anjelik.sk\/index.php\/wp-json\/wp\/v2\/posts"}],"about":[{"href":"https:\/\/www.e-anjelik.sk\/index.php\/wp-json\/wp\/v2\/types\/post"}],"author":[{"embeddable":true,"href":"https:\/\/www.e-anjelik.sk\/index.php\/wp-json\/wp\/v2\/users\/22"}],"replies":[{"embeddable":true,"href":"https:\/\/www.e-anjelik.sk\/index.php\/wp-json\/wp\/v2\/comments?post=5127"}],"version-history":[{"count":0,"href":"https:\/\/www.e-anjelik.sk\/index.php\/wp-json\/wp\/v2\/posts\/5127\/revisions"}],"wp:attachment":[{"href":"https:\/\/www.e-anjelik.sk\/index.php\/wp-json\/wp\/v2\/media?parent=5127"}],"wp:term":[{"taxonomy":"category","embeddable":true,"href":"https:\/\/www.e-anjelik.sk\/index.php\/wp-json\/wp\/v2\/categories?post=5127"},{"taxonomy":"post_tag","embeddable":true,"href":"https:\/\/www.e-anjelik.sk\/index.php\/wp-json\/wp\/v2\/tags?post=5127"}],"curies":[{"name":"wp","href":"https:\/\/api.w.org\/{rel}","templated":true}]}}