{"id":5140,"date":"2013-02-06T11:27:19","date_gmt":"2013-02-06T11:27:19","guid":{"rendered":"http:\/\/e-anjelik.sk\/?p=5140"},"modified":"2013-02-06T11:27:19","modified_gmt":"2013-02-06T11:27:19","slug":"zasadne-konferencia-biskupov-elcf","status":"publish","type":"post","link":"https:\/\/www.e-anjelik.sk\/index.php\/2013\/02\/06\/zasadne-konferencia-biskupov-elcf\/","title":{"rendered":"Zasadne Konferencia biskupov ELCF"},"content":{"rendered":"<p>V d\u0148och 12. a 13. febru\u00e1ra t.r. v Helsink\u00e1ch zasadne Konferencia biskupov Evanjelicko -luter\u00e1nskej cirkvi F\u00ednska. Hlavn\u00fdm bodom programu bude prija\u0165 opatrenia na posilnenie vn\u00fatornej jednoty cirkvi. Okrem toho konferencia bude sa zaobera\u0165 pr\u00edpravou zmeny cirkevn\u00e9ho z\u00e1kona o vo\u013eb\u00e1ch na synode. M\u00e1 ur\u010di\u0165 pevn\u00e9 normy pre hlasovanie kvalifikovanou v\u00e4\u010d\u0161inou a be\u017enou v\u00e4\u010d\u0161inou. Pr\u00edtomn\u00ed si vypo\u010duj\u00fa tie\u017e spr\u00e1vy V\u00fdborov pre vzdel\u00e1vanie duchovn\u00fdch a kantorov v r. 2012. Na konferencii bud\u00fa okrem 11 biskupov pr\u00edtomn\u00ed aj pr\u00edsediaci za ka\u017ed\u00fa diec\u00e9zu, gen. tajomn\u00edk konferencie, \u0161peci\u00e1lni teol. poradcovia a pracovn\u00edci m\u00e9di\u00ed.<br \/>\n(evl.fi)<br \/>\n(<\/p>\n","protected":false},"excerpt":{"rendered":"<p>V d\u0148och 12. a 13. febru\u00e1ra t.r. v Helsink\u00e1ch zasadne Konferencia biskupov Evanjelicko -luter\u00e1nskej cirkvi F\u00ednska. Hlavn\u00fdm bodom programu bude prija\u0165 opatrenia na posilnenie vn\u00fatornej jednoty cirkvi. Okrem toho konferencia bude sa zaobera\u0165 pr\u00edpravou zmeny cirkevn\u00e9ho z\u00e1kona o vo\u013eb\u00e1ch na synode. M\u00e1 ur\u010di\u0165 pevn\u00e9 normy pre hlasovanie kvalifikovanou v\u00e4\u010d\u0161inou a be\u017enou v\u00e4\u010d\u0161inou. Pr\u00edtomn\u00ed si vypo\u010duj\u00fa &#8230; <a title=\"Zasadne Konferencia biskupov ELCF\" class=\"read-more\" href=\"https:\/\/www.e-anjelik.sk\/index.php\/2013\/02\/06\/zasadne-konferencia-biskupov-elcf\/\" aria-label=\"Pre\u010d\u00edtajte si viac o Zasadne Konferencia biskupov ELCF\">\u010c\u00edta\u0165 viac<\/a><\/p>\n","protected":false},"author":22,"featured_media":0,"comment_status":"open","ping_status":"open","sticky":false,"template":"","format":"standard","meta":{"footnotes":""},"categories":[9,10],"tags":[],"class_list":["post-5140","post","type-post","status-publish","format-standard","hentry","category-europa","category-zo-sveta"],"_links":{"self":[{"href":"https:\/\/www.e-anjelik.sk\/index.php\/wp-json\/wp\/v2\/posts\/5140","targetHints":{"allow":["GET"]}}],"collection":[{"href":"https:\/\/www.e-anjelik.sk\/index.php\/wp-json\/wp\/v2\/posts"}],"about":[{"href":"https:\/\/www.e-anjelik.sk\/index.php\/wp-json\/wp\/v2\/types\/post"}],"author":[{"embeddable":true,"href":"https:\/\/www.e-anjelik.sk\/index.php\/wp-json\/wp\/v2\/users\/22"}],"replies":[{"embeddable":true,"href":"https:\/\/www.e-anjelik.sk\/index.php\/wp-json\/wp\/v2\/comments?post=5140"}],"version-history":[{"count":0,"href":"https:\/\/www.e-anjelik.sk\/index.php\/wp-json\/wp\/v2\/posts\/5140\/revisions"}],"wp:attachment":[{"href":"https:\/\/www.e-anjelik.sk\/index.php\/wp-json\/wp\/v2\/media?parent=5140"}],"wp:term":[{"taxonomy":"category","embeddable":true,"href":"https:\/\/www.e-anjelik.sk\/index.php\/wp-json\/wp\/v2\/categories?post=5140"},{"taxonomy":"post_tag","embeddable":true,"href":"https:\/\/www.e-anjelik.sk\/index.php\/wp-json\/wp\/v2\/tags?post=5140"}],"curies":[{"name":"wp","href":"https:\/\/api.w.org\/{rel}","templated":true}]}}