{"id":5141,"date":"2013-02-06T11:44:46","date_gmt":"2013-02-06T11:44:46","guid":{"rendered":"http:\/\/e-anjelik.sk\/?p=5141"},"modified":"2013-02-06T11:44:46","modified_gmt":"2013-02-06T11:44:46","slug":"ordinacia-novoknazov-v-polsku","status":"publish","type":"post","link":"https:\/\/www.e-anjelik.sk\/index.php\/2013\/02\/06\/ordinacia-novoknazov-v-polsku\/","title":{"rendered":"Ordin\u00e1cia novok\u0148azov v Po\u013esku"},"content":{"rendered":"<p>V sobotu 9. febru\u00e1ra t.r. bud\u00fa sa v ev. kostole Sv. Trojice v Ledzinach Holdunowe kona\u0165 sl\u00e1vnostn\u00e9 slu\u017eby Bo\u017eie s ordin\u00e1ciou novok\u0148azov. Do P\u00e1novej slu\u017eby s\u00fa povolan\u00ed \u0161tyria mu\u017ei. Ordin\u00e1ciu vykon\u00e1 biskup Evanjelicko -augsburskej cirkvi v Po\u013esku J. Samiec spolu s asistentami. V tomto cirkevnom zbore je to historick\u00e1 udalos\u0165 &#8211; prv\u00e1 ordin\u00e1cia v povojnov\u00fdch \u010dasoch.<br \/>\n(www.luteranie.pl)<\/p>\n","protected":false},"excerpt":{"rendered":"<p>V sobotu 9. febru\u00e1ra t.r. bud\u00fa sa v ev. kostole Sv. Trojice v Ledzinach Holdunowe kona\u0165 sl\u00e1vnostn\u00e9 slu\u017eby Bo\u017eie s ordin\u00e1ciou novok\u0148azov. Do P\u00e1novej slu\u017eby s\u00fa povolan\u00ed \u0161tyria mu\u017ei. Ordin\u00e1ciu vykon\u00e1 biskup Evanjelicko -augsburskej cirkvi v Po\u013esku J. Samiec spolu s asistentami. V tomto cirkevnom zbore je to historick\u00e1 udalos\u0165 &#8211; prv\u00e1 ordin\u00e1cia v povojnov\u00fdch &#8230; <a title=\"Ordin\u00e1cia novok\u0148azov v Po\u013esku\" class=\"read-more\" href=\"https:\/\/www.e-anjelik.sk\/index.php\/2013\/02\/06\/ordinacia-novoknazov-v-polsku\/\" aria-label=\"Pre\u010d\u00edtajte si viac o Ordin\u00e1cia novok\u0148azov v Po\u013esku\">\u010c\u00edta\u0165 viac<\/a><\/p>\n","protected":false},"author":22,"featured_media":0,"comment_status":"open","ping_status":"open","sticky":false,"template":"","format":"standard","meta":{"footnotes":""},"categories":[1],"tags":[242],"class_list":["post-5141","post","type-post","status-publish","format-standard","hentry","category-adventna-modlitba","tag-slavnosti"],"_links":{"self":[{"href":"https:\/\/www.e-anjelik.sk\/index.php\/wp-json\/wp\/v2\/posts\/5141","targetHints":{"allow":["GET"]}}],"collection":[{"href":"https:\/\/www.e-anjelik.sk\/index.php\/wp-json\/wp\/v2\/posts"}],"about":[{"href":"https:\/\/www.e-anjelik.sk\/index.php\/wp-json\/wp\/v2\/types\/post"}],"author":[{"embeddable":true,"href":"https:\/\/www.e-anjelik.sk\/index.php\/wp-json\/wp\/v2\/users\/22"}],"replies":[{"embeddable":true,"href":"https:\/\/www.e-anjelik.sk\/index.php\/wp-json\/wp\/v2\/comments?post=5141"}],"version-history":[{"count":0,"href":"https:\/\/www.e-anjelik.sk\/index.php\/wp-json\/wp\/v2\/posts\/5141\/revisions"}],"wp:attachment":[{"href":"https:\/\/www.e-anjelik.sk\/index.php\/wp-json\/wp\/v2\/media?parent=5141"}],"wp:term":[{"taxonomy":"category","embeddable":true,"href":"https:\/\/www.e-anjelik.sk\/index.php\/wp-json\/wp\/v2\/categories?post=5141"},{"taxonomy":"post_tag","embeddable":true,"href":"https:\/\/www.e-anjelik.sk\/index.php\/wp-json\/wp\/v2\/tags?post=5141"}],"curies":[{"name":"wp","href":"https:\/\/api.w.org\/{rel}","templated":true}]}}