{"id":5142,"date":"2013-02-06T11:54:14","date_gmt":"2013-02-06T11:54:14","guid":{"rendered":"http:\/\/e-anjelik.sk\/?p=5142"},"modified":"2013-02-06T11:54:14","modified_gmt":"2013-02-06T11:54:14","slug":"biskup-selk-zvolal-konvent-fararov","status":"publish","type":"post","link":"https:\/\/www.e-anjelik.sk\/index.php\/2013\/02\/06\/biskup-selk-zvolal-konvent-fararov\/","title":{"rendered":"Biskup SELK zvolal konvent far\u00e1rov"},"content":{"rendered":"<p>Biskup Nez\u00e1vislej ev. lut. cirkvi Nemecka (SELK) Hans Joerg &#8211; Voigt zvolal zasadnutie 12. v\u0161eobecn\u00e9ho konventu far\u00e1rov . Konvent bude v Berl\u00edne v d\u0148och 17. -21. j\u00fana 2013. Na programe s\u00fa t\u00e9my medzicirkevn\u00fdch vz\u0165ahov, pr\u00edprava nov\u00e9ho spevn\u00edka, agend\u00e1rne ot\u00e1zky , t\u00e9ma ordin\u00e1cie \u017eien a odme\u0148ovania far\u00e1rov.<br \/>\n(www.selk.de)<\/p>\n","protected":false},"excerpt":{"rendered":"<p>Biskup Nez\u00e1vislej ev. lut. cirkvi Nemecka (SELK) Hans Joerg &#8211; Voigt zvolal zasadnutie 12. v\u0161eobecn\u00e9ho konventu far\u00e1rov . Konvent bude v Berl\u00edne v d\u0148och 17. -21. j\u00fana 2013. Na programe s\u00fa t\u00e9my medzicirkevn\u00fdch vz\u0165ahov, pr\u00edprava nov\u00e9ho spevn\u00edka, agend\u00e1rne ot\u00e1zky , t\u00e9ma ordin\u00e1cie \u017eien a odme\u0148ovania far\u00e1rov. (www.selk.de)<\/p>\n","protected":false},"author":22,"featured_media":0,"comment_status":"open","ping_status":"open","sticky":false,"template":"","format":"standard","meta":{"footnotes":""},"categories":[1],"tags":[234],"class_list":["post-5142","post","type-post","status-publish","format-standard","hentry","category-adventna-modlitba","tag-zdruzenia-a-skupiny"],"_links":{"self":[{"href":"https:\/\/www.e-anjelik.sk\/index.php\/wp-json\/wp\/v2\/posts\/5142","targetHints":{"allow":["GET"]}}],"collection":[{"href":"https:\/\/www.e-anjelik.sk\/index.php\/wp-json\/wp\/v2\/posts"}],"about":[{"href":"https:\/\/www.e-anjelik.sk\/index.php\/wp-json\/wp\/v2\/types\/post"}],"author":[{"embeddable":true,"href":"https:\/\/www.e-anjelik.sk\/index.php\/wp-json\/wp\/v2\/users\/22"}],"replies":[{"embeddable":true,"href":"https:\/\/www.e-anjelik.sk\/index.php\/wp-json\/wp\/v2\/comments?post=5142"}],"version-history":[{"count":0,"href":"https:\/\/www.e-anjelik.sk\/index.php\/wp-json\/wp\/v2\/posts\/5142\/revisions"}],"wp:attachment":[{"href":"https:\/\/www.e-anjelik.sk\/index.php\/wp-json\/wp\/v2\/media?parent=5142"}],"wp:term":[{"taxonomy":"category","embeddable":true,"href":"https:\/\/www.e-anjelik.sk\/index.php\/wp-json\/wp\/v2\/categories?post=5142"},{"taxonomy":"post_tag","embeddable":true,"href":"https:\/\/www.e-anjelik.sk\/index.php\/wp-json\/wp\/v2\/tags?post=5142"}],"curies":[{"name":"wp","href":"https:\/\/api.w.org\/{rel}","templated":true}]}}