{"id":5144,"date":"2013-02-07T09:27:38","date_gmt":"2013-02-07T09:27:38","guid":{"rendered":"http:\/\/e-anjelik.sk\/?p=5144"},"modified":"2013-02-07T09:27:38","modified_gmt":"2013-02-07T09:27:38","slug":"jur-janoska-ev-biskup","status":"publish","type":"post","link":"https:\/\/www.e-anjelik.sk\/index.php\/2013\/02\/07\/jur-janoska-ev-biskup\/","title":{"rendered":"Jur Jano\u0161ka, ev. biskup"},"content":{"rendered":"<p>Poch\u00e1dzal z ro\u013en\u00edckej rodiny. \u013dudov\u00fa \u0161kolu vychodil v Dolnom Kub\u00edne. V rokoch 1871 &#8211; 1876 \u0161tudoval na gymn\u00e1zi\u00e1ch v Martine, Rev\u00facej a Ke\u017emarku. V Ke\u017emarku zalo\u017eil \u0161tudentsk\u00fd vzdel\u00e1vac\u00ed spolok, redigoval jeho rukopisn\u00e9 \u010dasopisy Dennica a Bleiben. V rokoch 1876 &#8211; 1879 \u0161tudoval teol\u00f3giu v Rostocku a Viedni. Vo Viedni zast\u00e1val funkciu tajomn\u00edka slovensk\u00e9ho akademick\u00e9ho spolku Tatran.<\/p>\n<p>Po skon\u010den\u00ed vysokej \u0161koly p\u00f4sobil v rokoch 1879 &#8211; 1880 najsk\u00f4r ako u\u010dite\u013e a potom ako kapl\u00e1n v Dolnom Kub\u00edne. Potom p\u00f4sobil ako far\u00e1r v Liptovskej Sielnici (1880 &#8211; 1883), Jasenovej (1883 &#8211; 1895) a v Liptovskom Mikul\u00e1\u0161i (1895 &#8211; 1930).<\/p>\n<p>Akt\u00edvne p\u00f4sobil v slovenskom n\u00e1rodnom hnut\u00ed pred rokom 1918. Proti ma\u010fariz\u00e1cii vystupoval na konventoch evanjelickej cirkvi, v cirkevn\u00fdch \u010dasopisoch. N\u00e1rodn\u00e9 z\u00e1ujmy obhajoval v stoli\u010dnom zastupite\u013estve. Propagoval \u010desko-slovensk\u00fa vz\u00e1jomnos\u0165. Od okt\u00f3bra 1918 \u010dlen SNR a jeden zo signat\u00e1rov Martinskej deklar\u00e1cie. V rokoch 1918 &#8211; 1920 poslanec N\u00e1rodn\u00e9ho zhroma\u017edenia za Slovensk\u00fd klub. Bol pr\u00edvr\u017eencom SNS.<\/p>\n<p>Od roku 1922 bol biskupom v\u00fdchodn\u00e9ho di\u0161triktu a prv\u00fdm gener\u00e1lnym biskupom evanjelickej cirkvi a. v. na Slovensku. Toho ist\u00e9ho roku sa stal tie\u017e predsedom Matice slovenskej.<\/p>\n<p>Jano\u0161ka p\u00f4sobil aj ako spisovate\u013e a liter\u00e1rny kritik. P\u00edsal literat\u00faru pre deti a ml\u00e1de\u017e. Bol autorom \u017eivotopisov kult\u00farnych a cirkevn\u00fdch dejate\u013eov. Prispieval do \u010dasopisov Slovensk\u00e9 poh\u013eady. Bol predsedom Hurbanovej evanjelickej liter\u00e1rnej spolo\u010dnosti. Prispel k rozvoju cirkevnej tla\u010de, v roku 1887 zalo\u017eil Cirkevn\u00e9 listy, ktor\u00e9 redigoval do roku 1921. Redigoval tie\u017e Tranovsk\u00e9ho evanjelick\u00fd kalend\u00e1r (1899 &#8211; 1921), \u010casopis pre ev. bohoslovie (1901), Evanjelick\u00e9ho kazate\u013ea (1905 &#8211; 1911). V roku 1898 spoluzakladal spolok Tranoscius. Jeho \u017eivot a dielo pribli\u017euje aj dokument\u00e1rny film Juraj Jano\u0161ka (Slovensk\u00e1 telev\u00edzia Bratislava, cyklus Kult\u00fara a n\u00e1bo\u017eenstvo, scen\u00e1r Milo\u0161 Kova\u010dka, r\u00e9\u017eia Fedor Bartko).<\/p>\n","protected":false},"excerpt":{"rendered":"<p>Poch\u00e1dzal z ro\u013en\u00edckej rodiny. \u013dudov\u00fa \u0161kolu vychodil v Dolnom Kub\u00edne. V rokoch 1871 &#8211; 1876 \u0161tudoval na gymn\u00e1zi\u00e1ch v Martine, Rev\u00facej a Ke\u017emarku. V Ke\u017emarku zalo\u017eil \u0161tudentsk\u00fd vzdel\u00e1vac\u00ed spolok, redigoval jeho rukopisn\u00e9 \u010dasopisy Dennica a Bleiben. V rokoch 1876 &#8211; 1879 \u0161tudoval teol\u00f3giu v Rostocku a Viedni. Vo Viedni zast\u00e1val funkciu tajomn\u00edka slovensk\u00e9ho akademick\u00e9ho spolku &#8230; <a title=\"Jur Jano\u0161ka, ev. biskup\" class=\"read-more\" href=\"https:\/\/www.e-anjelik.sk\/index.php\/2013\/02\/07\/jur-janoska-ev-biskup\/\" aria-label=\"Pre\u010d\u00edtajte si viac o Jur Jano\u0161ka, ev. biskup\">\u010c\u00edta\u0165 viac<\/a><\/p>\n","protected":false},"author":1,"featured_media":0,"comment_status":"open","ping_status":"open","sticky":false,"template":"","format":"standard","meta":{"footnotes":""},"categories":[1],"tags":[243],"class_list":["post-5144","post","type-post","status-publish","format-standard","hentry","category-adventna-modlitba","tag-historicke-osobnosti-ev-cirkvi"],"_links":{"self":[{"href":"https:\/\/www.e-anjelik.sk\/index.php\/wp-json\/wp\/v2\/posts\/5144","targetHints":{"allow":["GET"]}}],"collection":[{"href":"https:\/\/www.e-anjelik.sk\/index.php\/wp-json\/wp\/v2\/posts"}],"about":[{"href":"https:\/\/www.e-anjelik.sk\/index.php\/wp-json\/wp\/v2\/types\/post"}],"author":[{"embeddable":true,"href":"https:\/\/www.e-anjelik.sk\/index.php\/wp-json\/wp\/v2\/users\/1"}],"replies":[{"embeddable":true,"href":"https:\/\/www.e-anjelik.sk\/index.php\/wp-json\/wp\/v2\/comments?post=5144"}],"version-history":[{"count":0,"href":"https:\/\/www.e-anjelik.sk\/index.php\/wp-json\/wp\/v2\/posts\/5144\/revisions"}],"wp:attachment":[{"href":"https:\/\/www.e-anjelik.sk\/index.php\/wp-json\/wp\/v2\/media?parent=5144"}],"wp:term":[{"taxonomy":"category","embeddable":true,"href":"https:\/\/www.e-anjelik.sk\/index.php\/wp-json\/wp\/v2\/categories?post=5144"},{"taxonomy":"post_tag","embeddable":true,"href":"https:\/\/www.e-anjelik.sk\/index.php\/wp-json\/wp\/v2\/tags?post=5144"}],"curies":[{"name":"wp","href":"https:\/\/api.w.org\/{rel}","templated":true}]}}