{"id":5145,"date":"2013-02-07T09:40:12","date_gmt":"2013-02-07T09:40:12","guid":{"rendered":"http:\/\/e-anjelik.sk\/?p=5145"},"modified":"2022-04-25T14:54:32","modified_gmt":"2022-04-25T12:54:32","slug":"pavel-beblavy","status":"publish","type":"post","link":"https:\/\/www.e-anjelik.sk\/index.php\/2013\/02\/07\/pavel-beblavy\/","title":{"rendered":"Pavel Beblav\u00fd"},"content":{"rendered":"<p>Pavel Beblav\u00fd sa narodil 16. m\u00e1ja 1847 vo Vrbovciach. \u0160tudoval na gymn\u00e1zi\u00e1ch v Banskej \u0160tiavnici, Bratislave, Banskej Bystrici a v Rev\u00facej, do roku 1871 \u0161tudoval evanjelick\u00fa teol\u00f3giu vo Viedni. P\u00f4sobil ako kapl\u00e1n vo Vrbovciach a od roku 1876 ako far\u00e1r v Soboti\u0161ti. <\/p>\n<p>Na rev\u00fackom gymn\u00e1ziu redigoval \u010dasopis Svit, do ktor\u00e9ho aj prispieval. Tie\u017e v Sokole uverej\u0148oval svoje ver\u0161e, prozaick\u00e9 pr\u00e1ce i preklady zo srb\u010diny.<\/p>\n<p>Je autorom historickej povesti Dedi\u010d Mur\u00e1\u0148a, ktor\u00e1 vych\u00e1dza z Tom\u00e1\u0161ikovej pr\u00e1ce Ba\u0161ovci na Mur\u00e1nskom z\u00e1mku. Jeho najrozsiahlej\u0161ou pr\u00e1cou je historicko-dobrodru\u017en\u00fd rom\u00e1n J\u00e1no\u0161\u00edk. V N\u00e1rodn\u00fdch novin\u00e1ch roku 1899 uverejnil s\u00e9riu \u010d\u0155t Obrazy zo \u017eivota, kde dokumentuje svoju biografiu i pomery na slovensk\u00fdch gymn\u00e1zi\u00e1ch. <\/p>\n<p>Pok\u00fasil sa i o etnografick\u00e9 a historick\u00e9 \u0161t\u00fadium rodn\u00e9ho kraja, z ktor\u00e9ho vydal povesti a b\u00e1jky. <\/p>\n<p>Posledn\u00fdm liter\u00e1rnym dielom je poves\u0165 Oslobodenie (1907) zo \u017eivota Juraja L\u00e1niho. <\/p>\n<p>Pavel Beblav\u00fd zomrel 18. m\u00e1ja 1910 v Soboti\u0161ti. <\/p>\n<p>Literat\u00fara:<\/p>\n<p>Slovensk\u00fd biografick\u00fd slovn\u00edk I. zv\u00e4zok, A \u2013 D. Martin: Matica slovensk\u00e1 1986  <\/p>\n<p>Read more: http:\/\/zlatyfond.sme.sk\/autor\/122\/Pavel-Beblavy#ixzz2KCkj1HfZ<\/p>\n","protected":false},"excerpt":{"rendered":"<p>Pavel Beblav\u00fd sa narodil 16. m\u00e1ja 1847 vo Vrbovciach. \u0160tudoval na gymn\u00e1zi\u00e1ch v Banskej \u0160tiavnici, Bratislave, Banskej Bystrici a v Rev\u00facej, do roku 1871 \u0161tudoval evanjelick\u00fa teol\u00f3giu vo Viedni. P\u00f4sobil ako kapl\u00e1n vo Vrbovciach a od roku 1876 ako far\u00e1r v Soboti\u0161ti. Na rev\u00fackom gymn\u00e1ziu redigoval \u010dasopis Svit, do ktor\u00e9ho aj prispieval. Tie\u017e v Sokole &#8230; <a title=\"Pavel Beblav\u00fd\" class=\"read-more\" href=\"https:\/\/www.e-anjelik.sk\/index.php\/2013\/02\/07\/pavel-beblavy\/\" aria-label=\"Pre\u010d\u00edtajte si viac o Pavel Beblav\u00fd\">\u010c\u00edta\u0165 viac<\/a><\/p>\n","protected":false},"author":1,"featured_media":0,"comment_status":"open","ping_status":"open","sticky":false,"template":"","format":"standard","meta":{"footnotes":""},"categories":[1,95],"tags":[243],"class_list":["post-5145","post","type-post","status-publish","format-standard","hentry","category-adventna-modlitba","category-sobotiste","tag-historicke-osobnosti-ev-cirkvi"],"_links":{"self":[{"href":"https:\/\/www.e-anjelik.sk\/index.php\/wp-json\/wp\/v2\/posts\/5145","targetHints":{"allow":["GET"]}}],"collection":[{"href":"https:\/\/www.e-anjelik.sk\/index.php\/wp-json\/wp\/v2\/posts"}],"about":[{"href":"https:\/\/www.e-anjelik.sk\/index.php\/wp-json\/wp\/v2\/types\/post"}],"author":[{"embeddable":true,"href":"https:\/\/www.e-anjelik.sk\/index.php\/wp-json\/wp\/v2\/users\/1"}],"replies":[{"embeddable":true,"href":"https:\/\/www.e-anjelik.sk\/index.php\/wp-json\/wp\/v2\/comments?post=5145"}],"version-history":[{"count":1,"href":"https:\/\/www.e-anjelik.sk\/index.php\/wp-json\/wp\/v2\/posts\/5145\/revisions"}],"predecessor-version":[{"id":35514,"href":"https:\/\/www.e-anjelik.sk\/index.php\/wp-json\/wp\/v2\/posts\/5145\/revisions\/35514"}],"wp:attachment":[{"href":"https:\/\/www.e-anjelik.sk\/index.php\/wp-json\/wp\/v2\/media?parent=5145"}],"wp:term":[{"taxonomy":"category","embeddable":true,"href":"https:\/\/www.e-anjelik.sk\/index.php\/wp-json\/wp\/v2\/categories?post=5145"},{"taxonomy":"post_tag","embeddable":true,"href":"https:\/\/www.e-anjelik.sk\/index.php\/wp-json\/wp\/v2\/tags?post=5145"}],"curies":[{"name":"wp","href":"https:\/\/api.w.org\/{rel}","templated":true}]}}