{"id":5147,"date":"2013-02-07T09:42:16","date_gmt":"2013-02-07T09:42:16","guid":{"rendered":"http:\/\/e-anjelik.sk\/?p=5147"},"modified":"2013-02-07T09:42:16","modified_gmt":"2013-02-07T09:42:16","slug":"den-probstva-elcr-vo-volgograde","status":"publish","type":"post","link":"https:\/\/www.e-anjelik.sk\/index.php\/2013\/02\/07\/den-probstva-elcr-vo-volgograde\/","title":{"rendered":"De\u0148 probstva ELCR vo Volgograde"},"content":{"rendered":"<p>1. febru\u00e1ra t.r. sa vo Volgograde konal De\u0148 probstva Stredn\u00e9ho Povol\u017eia , na ktorom sa z\u00fa\u010dastnili predstavitelia cirkevn\u00fdch zborov Volgogradu, Astrachane, Kamy\u0161ina, Lebia\u017eego a Jelisty na \u010dele s probstom Olegom \u0160tulbergom a biskupom Dietrichom Brauerom z Moskvy. T\u00e9mou stretnutia bolo heslo: &#8222;Deti svetla.&#8220; Pr\u00edtomn\u00ed sa zam\u00fd\u0161\u013eali na textami Sv. P\u00edsma, potom v skupink\u00e1ch vyjadrili osobn\u00e9 stanovisk\u00e1 a svedectv\u00e1 k t\u00e9me. Koniec tvorili modlitby za cirkev a jej vedenie P\u00e1nom.<br \/>\nVed\u00faci probstva a biskup ELCR sa n\u00e1sledne z\u00fa\u010dastnili celorusk\u00fdch osl\u00e1v 70 . v\u00fdro\u010dia bojov v Stalingrade. Z\u00fa\u010dastnili sa sprievodu, kladenia vencov k pam\u00e4tn\u00edku a prijal ich gubern\u00e1tor Volgogradskej oblasti.<br \/>\n(www.elkras.ru) <\/p>\n","protected":false},"excerpt":{"rendered":"<p>1. febru\u00e1ra t.r. sa vo Volgograde konal De\u0148 probstva Stredn\u00e9ho Povol\u017eia , na ktorom sa z\u00fa\u010dastnili predstavitelia cirkevn\u00fdch zborov Volgogradu, Astrachane, Kamy\u0161ina, Lebia\u017eego a Jelisty na \u010dele s probstom Olegom \u0160tulbergom a biskupom Dietrichom Brauerom z Moskvy. T\u00e9mou stretnutia bolo heslo: &#8222;Deti svetla.&#8220; Pr\u00edtomn\u00ed sa zam\u00fd\u0161\u013eali na textami Sv. P\u00edsma, potom v skupink\u00e1ch vyjadrili osobn\u00e9 &#8230; <a title=\"De\u0148 probstva ELCR vo Volgograde\" class=\"read-more\" href=\"https:\/\/www.e-anjelik.sk\/index.php\/2013\/02\/07\/den-probstva-elcr-vo-volgograde\/\" aria-label=\"Pre\u010d\u00edtajte si viac o De\u0148 probstva ELCR vo Volgograde\">\u010c\u00edta\u0165 viac<\/a><\/p>\n","protected":false},"author":22,"featured_media":0,"comment_status":"open","ping_status":"open","sticky":false,"template":"","format":"standard","meta":{"footnotes":""},"categories":[1],"tags":[234],"class_list":["post-5147","post","type-post","status-publish","format-standard","hentry","category-adventna-modlitba","tag-zdruzenia-a-skupiny"],"_links":{"self":[{"href":"https:\/\/www.e-anjelik.sk\/index.php\/wp-json\/wp\/v2\/posts\/5147","targetHints":{"allow":["GET"]}}],"collection":[{"href":"https:\/\/www.e-anjelik.sk\/index.php\/wp-json\/wp\/v2\/posts"}],"about":[{"href":"https:\/\/www.e-anjelik.sk\/index.php\/wp-json\/wp\/v2\/types\/post"}],"author":[{"embeddable":true,"href":"https:\/\/www.e-anjelik.sk\/index.php\/wp-json\/wp\/v2\/users\/22"}],"replies":[{"embeddable":true,"href":"https:\/\/www.e-anjelik.sk\/index.php\/wp-json\/wp\/v2\/comments?post=5147"}],"version-history":[{"count":0,"href":"https:\/\/www.e-anjelik.sk\/index.php\/wp-json\/wp\/v2\/posts\/5147\/revisions"}],"wp:attachment":[{"href":"https:\/\/www.e-anjelik.sk\/index.php\/wp-json\/wp\/v2\/media?parent=5147"}],"wp:term":[{"taxonomy":"category","embeddable":true,"href":"https:\/\/www.e-anjelik.sk\/index.php\/wp-json\/wp\/v2\/categories?post=5147"},{"taxonomy":"post_tag","embeddable":true,"href":"https:\/\/www.e-anjelik.sk\/index.php\/wp-json\/wp\/v2\/tags?post=5147"}],"curies":[{"name":"wp","href":"https:\/\/api.w.org\/{rel}","templated":true}]}}