{"id":5148,"date":"2013-02-07T09:44:39","date_gmt":"2013-02-07T09:44:39","guid":{"rendered":"http:\/\/e-anjelik.sk\/?p=5148"},"modified":"2022-04-25T14:54:32","modified_gmt":"2022-04-25T12:54:32","slug":"milos-beblavy","status":"publish","type":"post","link":"https:\/\/www.e-anjelik.sk\/index.php\/2013\/02\/07\/milos-beblavy\/","title":{"rendered":"Milo\u0161 Beblav\u00fd"},"content":{"rendered":"<p>Far\u00e1r Milo\u0161 Beblav\u00fd, v n\u00e1rodnom duchu vychovan\u00fd syn soboti\u0161sk\u00e9ho far\u00e1ra, pri\u0161iel na faru<br \/>\ndo Kr\u00e1\u013eovej Lehoty 3. 2. 1907. Propagoval my\u0161lienku slobodnej cirkvi v \u0161t\u00e1te a pova\u017eoval za<br \/>\nne\u00fanosn\u00e9 Apponyiho nariadenie z roku 1908 o z\u00e1kaze vyu\u010dovania n\u00e1bo\u017eenstva v sloven\u010dine.<br \/>\nDo Cirkevn\u00fdch listov v roku 1909 nap\u00edsal: &#8222;Akej\u017ee to mravno &#8211; n\u00e1bo\u017eenskej bud\u00facnosti v<br \/>\n\u00fastrety kr\u00e1\u010dame, ke\u010f v \u0161t\u00e1tnych \u0161kol\u00e1ch dorastaj\u00facemu pokoleniu n\u00e1uky viery na\u0161ej v<br \/>\nslovenskej materinskej re\u010di vysvet\u013eova\u0165 nesmieme? Ve\u010f kam m\u00f4\u017ee dovies\u0165 tak\u00e9 nariadenie,<br \/>\nktor\u00e9 \u0161t\u00e1tnym u\u010dite\u013eom naklad\u00e1 dozera\u0165 na to, aby k\u0148azi a katecheti v \u0161t\u00e1tnych \u0161kol\u00e1ch<br \/>\nslovensk\u00fdm dietkam ma\u010farsky vysvet\u013eovali hlavn\u00e9 n\u00e1uky vierovyznania? Najprv \u017eobr\u00e1kmi a<br \/>\npotom \u2026?! A to v\u0161etko pod titulom kult\u00fary a osvety! Ej, beda v\u00e1m, farizejovia a z\u00e1konn\u00edci, ktor\u00ed<br \/>\npodob\u00e1te sa kvetnat\u00fdm hrobom, ale vo vn\u00fatri ste pln\u00ed umrl\u010d\u00edch kost\u00ed a rozli\u010dnej ne\u010distoty.&#8220;<\/p>\n","protected":false},"excerpt":{"rendered":"<p>Far\u00e1r Milo\u0161 Beblav\u00fd, v n\u00e1rodnom duchu vychovan\u00fd syn soboti\u0161sk\u00e9ho far\u00e1ra, pri\u0161iel na faru do Kr\u00e1\u013eovej Lehoty 3. 2. 1907. Propagoval my\u0161lienku slobodnej cirkvi v \u0161t\u00e1te a pova\u017eoval za ne\u00fanosn\u00e9 Apponyiho nariadenie z roku 1908 o z\u00e1kaze vyu\u010dovania n\u00e1bo\u017eenstva v sloven\u010dine. Do Cirkevn\u00fdch listov v roku 1909 nap\u00edsal: &#8222;Akej\u017ee to mravno &#8211; n\u00e1bo\u017eenskej bud\u00facnosti v \u00fastrety &#8230; <a title=\"Milo\u0161 Beblav\u00fd\" class=\"read-more\" href=\"https:\/\/www.e-anjelik.sk\/index.php\/2013\/02\/07\/milos-beblavy\/\" aria-label=\"Pre\u010d\u00edtajte si viac o Milo\u0161 Beblav\u00fd\">\u010c\u00edta\u0165 viac<\/a><\/p>\n","protected":false},"author":1,"featured_media":0,"comment_status":"open","ping_status":"open","sticky":false,"template":"","format":"standard","meta":{"footnotes":""},"categories":[1,95],"tags":[243],"class_list":["post-5148","post","type-post","status-publish","format-standard","hentry","category-adventna-modlitba","category-sobotiste","tag-historicke-osobnosti-ev-cirkvi"],"_links":{"self":[{"href":"https:\/\/www.e-anjelik.sk\/index.php\/wp-json\/wp\/v2\/posts\/5148","targetHints":{"allow":["GET"]}}],"collection":[{"href":"https:\/\/www.e-anjelik.sk\/index.php\/wp-json\/wp\/v2\/posts"}],"about":[{"href":"https:\/\/www.e-anjelik.sk\/index.php\/wp-json\/wp\/v2\/types\/post"}],"author":[{"embeddable":true,"href":"https:\/\/www.e-anjelik.sk\/index.php\/wp-json\/wp\/v2\/users\/1"}],"replies":[{"embeddable":true,"href":"https:\/\/www.e-anjelik.sk\/index.php\/wp-json\/wp\/v2\/comments?post=5148"}],"version-history":[{"count":1,"href":"https:\/\/www.e-anjelik.sk\/index.php\/wp-json\/wp\/v2\/posts\/5148\/revisions"}],"predecessor-version":[{"id":35513,"href":"https:\/\/www.e-anjelik.sk\/index.php\/wp-json\/wp\/v2\/posts\/5148\/revisions\/35513"}],"wp:attachment":[{"href":"https:\/\/www.e-anjelik.sk\/index.php\/wp-json\/wp\/v2\/media?parent=5148"}],"wp:term":[{"taxonomy":"category","embeddable":true,"href":"https:\/\/www.e-anjelik.sk\/index.php\/wp-json\/wp\/v2\/categories?post=5148"},{"taxonomy":"post_tag","embeddable":true,"href":"https:\/\/www.e-anjelik.sk\/index.php\/wp-json\/wp\/v2\/tags?post=5148"}],"curies":[{"name":"wp","href":"https:\/\/api.w.org\/{rel}","templated":true}]}}