{"id":5150,"date":"2013-02-07T09:53:38","date_gmt":"2013-02-07T09:53:38","guid":{"rendered":"http:\/\/e-anjelik.sk\/?p=5150"},"modified":"2013-02-07T09:53:38","modified_gmt":"2013-02-07T09:53:38","slug":"michal-bodicky","status":"publish","type":"post","link":"https:\/\/www.e-anjelik.sk\/index.php\/2013\/02\/07\/michal-bodicky\/","title":{"rendered":"Michal Bodick\u00fd"},"content":{"rendered":"<p>Michal Bodick\u00fd (* 25. september 1852 \u0160pania Dolina &#8211; \u2020 23. december 1935 Bratislava) bol ev. k\u0148az, spisovate\u013e, publicista, \u010dlen Slovenskej n\u00e1rodnej rady, profesor teol\u00f3gie a prv\u00fd slovensk\u00fd dekan na Evanjelickej teologickej fakulte, b\u00fdvalom evanjelickom l\u00fdceu v Bratislave. Z\u00fa\u010dastnil sa mnoh\u00fdch n\u00e1rodn\u00fdch a cirkevn\u00fdch z\u00e1pasov v Uhorsku. Usiloval sa o reformy a aktualiz\u00e1ciu cirkevn\u00e9ho \u017eivota, napr\u00edklad aj o posloven\u010denie bohoslu\u017eieb. Pseudonym: Bohutiensky, Kapit\u00e1n, Milovn\u00edk Bo\u017e\u00ed, Modlitebn\u00edk Bo\u017e\u00ed.<\/p>\n<p>Jeho otec Samuel Bodick\u00fd (1818-1904), jeho matka M\u00e1ria rod. Bodick\u00e1, jeho brat Samuel Bodick\u00fd (1850-1919) bol tie\u017e evanj.k\u0148az a spisovate\u013e.<\/p>\n<p>\u0160tudoval na ev.teol. fakulte vo Viedni, v Erlangene a ako ev. k\u0148az p\u00f4sobil v rokoch 1878-1895 v Pondelku a potom v Krajnom v rokoch 1895-1920. Na krajnianskej fare aj v \u0165a\u017ek\u00fdch vojnov\u00fdch \u010dasoch Michal Bodick\u00fd pom\u00e1hal udr\u017eiava\u0165 bohat\u00fd n\u00e1rodn\u00fd \u017eivot (ako kapl\u00e1ni tu p\u00f4sobili po\u010das vojny napr. Vladim\u00edr Roy 1915 a po \u0148om \u0160tefan Kr\u010dm\u00e9ry 1916). Roku 1918 sa Michal Bodick\u00fd stal \u010dlenom Slovenskej n\u00e1rodnej rady. Od roku 1920 bol vysoko\u0161kolsk\u00fdm profesorom a prv\u00fdm slovensk\u00fdm dekanom (1920-1926 a 1927-1929) na evanjelickej teologickej fakulte v Bratislave (dne\u0161n\u00e1 Evanjelick\u00e1 bohosloveck\u00e1 fakulta Univerzity Komensk\u00e9ho). Autor kr\u00e1tkych pr\u00f3z, prekladov z nem\u010diny. Vynikol biografick\u00fdmi \u010dl\u00e1nkami, nekrol\u00f3gmi o slov. spisovat. a dejate\u013eoch. Jeho pramenn\u00e9 bohat\u00e9 rozpomienky \u0160tyridsa\u0165 rokov v slu\u017ebe cirkvi vy\u0161li v Slov. poh\u013e. a po prepracovan\u00ed aj samostatne (Rozpomienky, Matica Slovenska 1933). Pre cirkevn\u00e9 dejiny s\u00fa v\u00fdznamn\u00e9 najm\u00e4 jeho memo\u00e1rov\u00e9 diela, ako i biografie n\u00e1rodno-cirkevn\u00fdch dejate\u013eov. Je autorom mno\u017estva teologick\u00fdch, liter\u00e1rnohistorick\u00fdch a kritick\u00fdch stat\u00ed. \u010casopisecky i samostatne vydal k\u00e1zne a \u00favahy.<\/p>\n<p>http:\/\/zlatyfond.sme.sk\/dielo\/1311\/Bodicky_Rozpomienky-a-pamati-I\/1<\/p>\n","protected":false},"excerpt":{"rendered":"<p>Michal Bodick\u00fd (* 25. september 1852 \u0160pania Dolina &#8211; \u2020 23. december 1935 Bratislava) bol ev. k\u0148az, spisovate\u013e, publicista, \u010dlen Slovenskej n\u00e1rodnej rady, profesor teol\u00f3gie a prv\u00fd slovensk\u00fd dekan na Evanjelickej teologickej fakulte, b\u00fdvalom evanjelickom l\u00fdceu v Bratislave. Z\u00fa\u010dastnil sa mnoh\u00fdch n\u00e1rodn\u00fdch a cirkevn\u00fdch z\u00e1pasov v Uhorsku. Usiloval sa o reformy a aktualiz\u00e1ciu cirkevn\u00e9ho \u017eivota, &#8230; <a title=\"Michal Bodick\u00fd\" class=\"read-more\" href=\"https:\/\/www.e-anjelik.sk\/index.php\/2013\/02\/07\/michal-bodicky\/\" aria-label=\"Pre\u010d\u00edtajte si viac o Michal Bodick\u00fd\">\u010c\u00edta\u0165 viac<\/a><\/p>\n","protected":false},"author":1,"featured_media":0,"comment_status":"open","ping_status":"open","sticky":false,"template":"","format":"standard","meta":{"footnotes":""},"categories":[1],"tags":[243],"class_list":["post-5150","post","type-post","status-publish","format-standard","hentry","category-adventna-modlitba","tag-historicke-osobnosti-ev-cirkvi"],"_links":{"self":[{"href":"https:\/\/www.e-anjelik.sk\/index.php\/wp-json\/wp\/v2\/posts\/5150","targetHints":{"allow":["GET"]}}],"collection":[{"href":"https:\/\/www.e-anjelik.sk\/index.php\/wp-json\/wp\/v2\/posts"}],"about":[{"href":"https:\/\/www.e-anjelik.sk\/index.php\/wp-json\/wp\/v2\/types\/post"}],"author":[{"embeddable":true,"href":"https:\/\/www.e-anjelik.sk\/index.php\/wp-json\/wp\/v2\/users\/1"}],"replies":[{"embeddable":true,"href":"https:\/\/www.e-anjelik.sk\/index.php\/wp-json\/wp\/v2\/comments?post=5150"}],"version-history":[{"count":0,"href":"https:\/\/www.e-anjelik.sk\/index.php\/wp-json\/wp\/v2\/posts\/5150\/revisions"}],"wp:attachment":[{"href":"https:\/\/www.e-anjelik.sk\/index.php\/wp-json\/wp\/v2\/media?parent=5150"}],"wp:term":[{"taxonomy":"category","embeddable":true,"href":"https:\/\/www.e-anjelik.sk\/index.php\/wp-json\/wp\/v2\/categories?post=5150"},{"taxonomy":"post_tag","embeddable":true,"href":"https:\/\/www.e-anjelik.sk\/index.php\/wp-json\/wp\/v2\/tags?post=5150"}],"curies":[{"name":"wp","href":"https:\/\/api.w.org\/{rel}","templated":true}]}}