{"id":5152,"date":"2013-02-07T09:59:23","date_gmt":"2013-02-07T09:59:23","guid":{"rendered":"http:\/\/e-anjelik.sk\/?p=5152"},"modified":"2013-02-07T09:59:23","modified_gmt":"2013-02-07T09:59:23","slug":"album-osobnosti","status":"publish","type":"post","link":"https:\/\/www.e-anjelik.sk\/index.php\/2013\/02\/07\/album-osobnosti\/","title":{"rendered":"Album osobnost\u00ed"},"content":{"rendered":"<p>Vytvoril som a pridal som zop\u00e1r fotografi\u00ed &#8211; a vznikol <a href=\"\/\">album pre v\u00fdzname osobnost\u00ed evanjelickej cirkvi<\/a> na Slovensku. Ak by ste mali da\u013e\u0161ie fotografie doma na po\u010d\u00edta\u010di a chcete sa podeli\u0165, pridajte ich pros\u00edm tie\u017e, je mo\u017enos\u0165 aj prida\u0165 kr\u00e1tky popis. Navrhujem aby sme neprid\u00e1vali osobnosti, ktor\u00e9 e\u0161te \u017eij\u00fa, vyhneme sa tak zbyto\u010dn\u00fdm debat\u00e1m o tom kedy sa z osoby st\u00e1va osobnos\u0165 \ud83d\ude42<\/p>\n<p>Pre pridanie obr\u00e1zku <a href=\"http:\/\/evanjelik.sk\/node\/add\/image\">kliknete sem<\/a>.<\/p>\n","protected":false},"excerpt":{"rendered":"<p>Vytvoril som a pridal som zop\u00e1r fotografi\u00ed &#8211; a vznikol album pre v\u00fdzname osobnost\u00ed evanjelickej cirkvi na Slovensku. Ak by ste mali da\u013e\u0161ie fotografie doma na po\u010d\u00edta\u010di a chcete sa podeli\u0165, pridajte ich pros\u00edm tie\u017e, je mo\u017enos\u0165 aj prida\u0165 kr\u00e1tky popis. Navrhujem aby sme neprid\u00e1vali osobnosti, ktor\u00e9 e\u0161te \u017eij\u00fa, vyhneme sa tak zbyto\u010dn\u00fdm debat\u00e1m o &#8230; <a title=\"Album osobnost\u00ed\" class=\"read-more\" href=\"https:\/\/www.e-anjelik.sk\/index.php\/2013\/02\/07\/album-osobnosti\/\" aria-label=\"Pre\u010d\u00edtajte si viac o Album osobnost\u00ed\">\u010c\u00edta\u0165 viac<\/a><\/p>\n","protected":false},"author":1,"featured_media":0,"comment_status":"open","ping_status":"open","sticky":false,"template":"","format":"standard","meta":{"footnotes":""},"categories":[1],"tags":[],"class_list":["post-5152","post","type-post","status-publish","format-standard","hentry","category-adventna-modlitba"],"_links":{"self":[{"href":"https:\/\/www.e-anjelik.sk\/index.php\/wp-json\/wp\/v2\/posts\/5152","targetHints":{"allow":["GET"]}}],"collection":[{"href":"https:\/\/www.e-anjelik.sk\/index.php\/wp-json\/wp\/v2\/posts"}],"about":[{"href":"https:\/\/www.e-anjelik.sk\/index.php\/wp-json\/wp\/v2\/types\/post"}],"author":[{"embeddable":true,"href":"https:\/\/www.e-anjelik.sk\/index.php\/wp-json\/wp\/v2\/users\/1"}],"replies":[{"embeddable":true,"href":"https:\/\/www.e-anjelik.sk\/index.php\/wp-json\/wp\/v2\/comments?post=5152"}],"version-history":[{"count":0,"href":"https:\/\/www.e-anjelik.sk\/index.php\/wp-json\/wp\/v2\/posts\/5152\/revisions"}],"wp:attachment":[{"href":"https:\/\/www.e-anjelik.sk\/index.php\/wp-json\/wp\/v2\/media?parent=5152"}],"wp:term":[{"taxonomy":"category","embeddable":true,"href":"https:\/\/www.e-anjelik.sk\/index.php\/wp-json\/wp\/v2\/categories?post=5152"},{"taxonomy":"post_tag","embeddable":true,"href":"https:\/\/www.e-anjelik.sk\/index.php\/wp-json\/wp\/v2\/tags?post=5152"}],"curies":[{"name":"wp","href":"https:\/\/api.w.org\/{rel}","templated":true}]}}