{"id":5155,"date":"2013-02-07T10:16:51","date_gmt":"2013-02-07T10:16:51","guid":{"rendered":"http:\/\/e-anjelik.sk\/?p=5155"},"modified":"2013-02-07T10:16:51","modified_gmt":"2013-02-07T10:16:51","slug":"narodny-den-saamov-laponcov-6-februar","status":"publish","type":"post","link":"https:\/\/www.e-anjelik.sk\/index.php\/2013\/02\/07\/narodny-den-saamov-laponcov-6-februar\/","title":{"rendered":"N\u00e1rodn\u00fd de\u0148 Saamov (Laponcov) &#8211; 6. febru\u00e1r"},"content":{"rendered":"<p>6. febru\u00e1ra si na Severe Eur\u00f3py pripom\u00ednaj\u00fa N\u00e1rodn\u00fd de\u0148 tamoj\u0161ieho p\u00f4vodn\u00e9ho etnika -Saamov, po starom Laponcov. Prv\u00fd tak\u00fdto de\u0148 bol zorganizovan\u00fd v Trondheime- N\u00f3rsko v roku 1917, kedy sa tam zi\u0161lo do 100 Saamov zo \u0160v\u00e9dska a N\u00f3rska. Oslavy tohto d\u0148a obsahuj\u00fa predn\u00e1\u0161ky, v\u00fdstavy, koncerty a do t\u00fdchto osl\u00e1v je zapojen\u00e1 aj cirkev, najm\u00e4 slu\u017ebami Bo\u017e\u00edmi.<br \/>\n(www.svenskakyrkan.se)<\/p>\n","protected":false},"excerpt":{"rendered":"<p>6. febru\u00e1ra si na Severe Eur\u00f3py pripom\u00ednaj\u00fa N\u00e1rodn\u00fd de\u0148 tamoj\u0161ieho p\u00f4vodn\u00e9ho etnika -Saamov, po starom Laponcov. Prv\u00fd tak\u00fdto de\u0148 bol zorganizovan\u00fd v Trondheime- N\u00f3rsko v roku 1917, kedy sa tam zi\u0161lo do 100 Saamov zo \u0160v\u00e9dska a N\u00f3rska. Oslavy tohto d\u0148a obsahuj\u00fa predn\u00e1\u0161ky, v\u00fdstavy, koncerty a do t\u00fdchto osl\u00e1v je zapojen\u00e1 aj cirkev, najm\u00e4 slu\u017ebami &#8230; <a title=\"N\u00e1rodn\u00fd de\u0148 Saamov (Laponcov) &#8211; 6. febru\u00e1r\" class=\"read-more\" href=\"https:\/\/www.e-anjelik.sk\/index.php\/2013\/02\/07\/narodny-den-saamov-laponcov-6-februar\/\" aria-label=\"Pre\u010d\u00edtajte si viac o N\u00e1rodn\u00fd de\u0148 Saamov (Laponcov) &#8211; 6. febru\u00e1r\">\u010c\u00edta\u0165 viac<\/a><\/p>\n","protected":false},"author":22,"featured_media":0,"comment_status":"open","ping_status":"open","sticky":false,"template":"","format":"standard","meta":{"footnotes":""},"categories":[42],"tags":[234],"class_list":["post-5155","post","type-post","status-publish","format-standard","hentry","category-skandinavia","tag-zdruzenia-a-skupiny"],"_links":{"self":[{"href":"https:\/\/www.e-anjelik.sk\/index.php\/wp-json\/wp\/v2\/posts\/5155","targetHints":{"allow":["GET"]}}],"collection":[{"href":"https:\/\/www.e-anjelik.sk\/index.php\/wp-json\/wp\/v2\/posts"}],"about":[{"href":"https:\/\/www.e-anjelik.sk\/index.php\/wp-json\/wp\/v2\/types\/post"}],"author":[{"embeddable":true,"href":"https:\/\/www.e-anjelik.sk\/index.php\/wp-json\/wp\/v2\/users\/22"}],"replies":[{"embeddable":true,"href":"https:\/\/www.e-anjelik.sk\/index.php\/wp-json\/wp\/v2\/comments?post=5155"}],"version-history":[{"count":0,"href":"https:\/\/www.e-anjelik.sk\/index.php\/wp-json\/wp\/v2\/posts\/5155\/revisions"}],"wp:attachment":[{"href":"https:\/\/www.e-anjelik.sk\/index.php\/wp-json\/wp\/v2\/media?parent=5155"}],"wp:term":[{"taxonomy":"category","embeddable":true,"href":"https:\/\/www.e-anjelik.sk\/index.php\/wp-json\/wp\/v2\/categories?post=5155"},{"taxonomy":"post_tag","embeddable":true,"href":"https:\/\/www.e-anjelik.sk\/index.php\/wp-json\/wp\/v2\/tags?post=5155"}],"curies":[{"name":"wp","href":"https:\/\/api.w.org\/{rel}","templated":true}]}}