{"id":5160,"date":"2013-02-08T09:49:40","date_gmt":"2013-02-08T09:49:40","guid":{"rendered":"http:\/\/e-anjelik.sk\/?p=5160"},"modified":"2013-02-08T09:49:40","modified_gmt":"2013-02-08T09:49:40","slug":"musa-panti-filibus-bude-biskupom-v-nigerii","status":"publish","type":"post","link":"https:\/\/www.e-anjelik.sk\/index.php\/2013\/02\/08\/musa-panti-filibus-bude-biskupom-v-nigerii\/","title":{"rendered":"Musa Panti Filibus bude biskupom v Nig\u00e9rii"},"content":{"rendered":"<p>Far\u00e1r Musa Panti Filibus , riadite\u013e oddelenia pre misiu a rozvoj (OMR)Svetov\u00e9ho luter\u00e1nskeho zv\u00e4zu v \u017deneve bol Luter\u00e1nskou cirkvou Krista v Nig\u00e9rii (LCKN) povolan\u00fd za biskupa diec\u00e9zy Mayo Belwa. &#8222;Te\u0161\u00edm sa z toho, no je mi i \u013e\u00fato s\u00fa\u010dasne&#8220;, vyhl\u00e1sil v liste Rade SLZ gen. tajomn\u00edk SLZ M. Junge, ke\u010f \u010dlenom Rady ozn\u00e1mil t\u00fato skuto\u010dnos\u0165. Musa P. Filibus je hodnoten\u00fd Jungom ako tvoriv\u00fd, \u017eivotaschopn\u00fd a cirkev miluj\u00faci \u010dlovek. Ur\u010dite bude z neho v\u00fdborn\u00fd biskup diec\u00e9zy, povedal Junge.<br \/>\nDo SLZ nast\u00fapil pracova\u0165 v r. 2002 ako referent Afriky, v dec. 2010 sa stal riadite\u013eom OMR, po zmene \u0161trukt\u00fary SLZ mu Rada r. 2012 zverila aj \u00falohu z\u00e1stupcu gen. tajomn\u00edka. LKCN je jednou z dvoch \u010dlensk\u00fdch lut. cirkv\u00ed v Nig\u00e9rii. M\u00e1 vy\u0161e 2 mili\u00f3nov \u010dlenov. \u010clen\u00ed sa na osem diec\u00e9z a jednu misijn\u00fa oblas\u0165. Diec\u00e9za Mayo Belwa le\u017e\u00ed na severov\u00fdchode krajiny. Bola zriaden\u00e1 roku 2011. M\u00e1 300 cirkevn\u00fdch zborov a 60 duchovn\u00fdch a pracovn\u00edkov cirkvi. \u00darad biskupa Filibus prevezme v okt. 2013 v r\u00e1mci jubilea 100. v\u00fdro\u010dia vzniku LCKN. 53-ro\u010dn\u00fd teol\u00f3g bol ordinovan\u00fd r. 1994.Teol\u00f3giu \u0161tudoval v Nig\u00e9rii a USA. Jeho man\u017eelka je tie\u017e far\u00e1rka. Spolu maj\u00fa tri dospel\u00e9 deti.<br \/>\n(www.lutheranworld.org)<\/p>\n","protected":false},"excerpt":{"rendered":"<p>Far\u00e1r Musa Panti Filibus , riadite\u013e oddelenia pre misiu a rozvoj (OMR)Svetov\u00e9ho luter\u00e1nskeho zv\u00e4zu v \u017deneve bol Luter\u00e1nskou cirkvou Krista v Nig\u00e9rii (LCKN) povolan\u00fd za biskupa diec\u00e9zy Mayo Belwa. &#8222;Te\u0161\u00edm sa z toho, no je mi i \u013e\u00fato s\u00fa\u010dasne&#8220;, vyhl\u00e1sil v liste Rade SLZ gen. tajomn\u00edk SLZ M. Junge, ke\u010f \u010dlenom Rady ozn\u00e1mil t\u00fato skuto\u010dnos\u0165. &#8230; <a title=\"Musa Panti Filibus bude biskupom v Nig\u00e9rii\" class=\"read-more\" href=\"https:\/\/www.e-anjelik.sk\/index.php\/2013\/02\/08\/musa-panti-filibus-bude-biskupom-v-nigerii\/\" aria-label=\"Pre\u010d\u00edtajte si viac o Musa Panti Filibus bude biskupom v Nig\u00e9rii\">\u010c\u00edta\u0165 viac<\/a><\/p>\n","protected":false},"author":22,"featured_media":0,"comment_status":"open","ping_status":"open","sticky":false,"template":"","format":"standard","meta":{"footnotes":""},"categories":[1,14],"tags":[],"class_list":["post-5160","post","type-post","status-publish","format-standard","hentry","category-adventna-modlitba","category-osobnosti"],"_links":{"self":[{"href":"https:\/\/www.e-anjelik.sk\/index.php\/wp-json\/wp\/v2\/posts\/5160","targetHints":{"allow":["GET"]}}],"collection":[{"href":"https:\/\/www.e-anjelik.sk\/index.php\/wp-json\/wp\/v2\/posts"}],"about":[{"href":"https:\/\/www.e-anjelik.sk\/index.php\/wp-json\/wp\/v2\/types\/post"}],"author":[{"embeddable":true,"href":"https:\/\/www.e-anjelik.sk\/index.php\/wp-json\/wp\/v2\/users\/22"}],"replies":[{"embeddable":true,"href":"https:\/\/www.e-anjelik.sk\/index.php\/wp-json\/wp\/v2\/comments?post=5160"}],"version-history":[{"count":0,"href":"https:\/\/www.e-anjelik.sk\/index.php\/wp-json\/wp\/v2\/posts\/5160\/revisions"}],"wp:attachment":[{"href":"https:\/\/www.e-anjelik.sk\/index.php\/wp-json\/wp\/v2\/media?parent=5160"}],"wp:term":[{"taxonomy":"category","embeddable":true,"href":"https:\/\/www.e-anjelik.sk\/index.php\/wp-json\/wp\/v2\/categories?post=5160"},{"taxonomy":"post_tag","embeddable":true,"href":"https:\/\/www.e-anjelik.sk\/index.php\/wp-json\/wp\/v2\/tags?post=5160"}],"curies":[{"name":"wp","href":"https:\/\/api.w.org\/{rel}","templated":true}]}}