{"id":5161,"date":"2013-02-08T10:32:36","date_gmt":"2013-02-08T10:32:36","guid":{"rendered":"http:\/\/e-anjelik.sk\/?p=5161"},"modified":"2013-02-08T10:32:36","modified_gmt":"2013-02-08T10:32:36","slug":"8-februar","status":"publish","type":"post","link":"https:\/\/www.e-anjelik.sk\/index.php\/2013\/02\/08\/8-februar\/","title":{"rendered":"8. FEBRU\u00c1R"},"content":{"rendered":"<p>                                                                 8. FEBRU\u00c1R<\/p>\n<p>Re\u010di, ktor\u00e9 som v\u00e1m hovoril, s\u00fa duch a \u017eivot.<\/p>\n<p>                                                                                                                                                      J\u00e1n 6, 63b<\/p>\n<p>      \u017dia\u013e, je  m\u00e1lo t\u00fdch, a ja medzi nimi, ktor\u00ed by pred in\u00fdmi schva\u013eovali, \u010do by o P\u00edsme alebo niektorom \u017ealme po\u010das svojho \u017eivota zo srdca tvrdili: Ty si moja ob\u013e\u00faben\u00e1 kniha, ty si m\u00f4j vlastn\u00fd \u017ealm\u00ed\u010dek.<br \/>\n      A je to iste ve\u013ek\u00e1 pliaga na zemi, \u017ee P\u00edsmo sv\u00e4t\u00e9 je zavrhovan\u00e9 \u2013 aj t\u00fdmi, ktor\u00ed s\u00fa mu nabl\u00edzku. V\u0161etky ostatn\u00e9 veci, umenie a knihy, s\u00fa predmetom z\u00e1ujmu de\u0148 a noc, pri nich pr\u00e1ca a snaha nem\u00e1 konca. A t\u00ed mu ve\u013ek\u00fa \u010des\u0165 robia, \u017ee si P\u00edsmo raz pre\u010d\u00edtaj\u00fa, \u010do dok\u00e1\u017eu nepochybne v\u0161etci, a nen\u00e1jdeme umenie ani knihu pod slnkom, ktor\u00e9 by si ka\u017ed\u00fd tak r\u00fdchlo osvojil ako P\u00edsmo sv\u00e4t\u00e9.<br \/>\n      To predsa nie s\u00fa slov\u00e1 na \u010d\u00edtanie, ako si niektor\u00ed myslia, ale \u010d\u00edre slov\u00e1 \u017eivota v \u0148om obsiahnut\u00e9, ktor\u00e9 nie s\u00fa dan\u00e9 na \u0161pekul\u00e1ciu a snenie, le\u017e pre \u017eivot a dielo.<\/p>\n<p>                                         Martin Luther: Smerovn\u00edk kres\u0165anskej cesty<\/p>\n<p>Modlitba:<br \/>\nHospodine, urob ma ch\u00e1pav\u00fdm, aby som sa nau\u010dil Tvoj\u00edm pr\u00edkazom. Amen <\/p>\n","protected":false},"excerpt":{"rendered":"<p>8. FEBRU\u00c1R Re\u010di, ktor\u00e9 som v\u00e1m hovoril, s\u00fa duch a \u017eivot. J\u00e1n 6, 63b \u017dia\u013e, je m\u00e1lo t\u00fdch, a ja medzi nimi, ktor\u00ed by pred in\u00fdmi schva\u013eovali, \u010do by o P\u00edsme alebo niektorom \u017ealme po\u010das svojho \u017eivota zo srdca tvrdili: Ty si moja ob\u013e\u00faben\u00e1 kniha, ty si m\u00f4j vlastn\u00fd \u017ealm\u00ed\u010dek. A je to iste ve\u013ek\u00e1 &#8230; <a title=\"8. FEBRU\u00c1R\" class=\"read-more\" href=\"https:\/\/www.e-anjelik.sk\/index.php\/2013\/02\/08\/8-februar\/\" aria-label=\"Pre\u010d\u00edtajte si viac o 8. FEBRU\u00c1R\">\u010c\u00edta\u0165 viac<\/a><\/p>\n","protected":false},"author":4,"featured_media":0,"comment_status":"open","ping_status":"open","sticky":false,"template":"","format":"standard","meta":{"footnotes":""},"categories":[1],"tags":[],"class_list":["post-5161","post","type-post","status-publish","format-standard","hentry","category-adventna-modlitba"],"_links":{"self":[{"href":"https:\/\/www.e-anjelik.sk\/index.php\/wp-json\/wp\/v2\/posts\/5161","targetHints":{"allow":["GET"]}}],"collection":[{"href":"https:\/\/www.e-anjelik.sk\/index.php\/wp-json\/wp\/v2\/posts"}],"about":[{"href":"https:\/\/www.e-anjelik.sk\/index.php\/wp-json\/wp\/v2\/types\/post"}],"author":[{"embeddable":true,"href":"https:\/\/www.e-anjelik.sk\/index.php\/wp-json\/wp\/v2\/users\/4"}],"replies":[{"embeddable":true,"href":"https:\/\/www.e-anjelik.sk\/index.php\/wp-json\/wp\/v2\/comments?post=5161"}],"version-history":[{"count":0,"href":"https:\/\/www.e-anjelik.sk\/index.php\/wp-json\/wp\/v2\/posts\/5161\/revisions"}],"wp:attachment":[{"href":"https:\/\/www.e-anjelik.sk\/index.php\/wp-json\/wp\/v2\/media?parent=5161"}],"wp:term":[{"taxonomy":"category","embeddable":true,"href":"https:\/\/www.e-anjelik.sk\/index.php\/wp-json\/wp\/v2\/categories?post=5161"},{"taxonomy":"post_tag","embeddable":true,"href":"https:\/\/www.e-anjelik.sk\/index.php\/wp-json\/wp\/v2\/tags?post=5161"}],"curies":[{"name":"wp","href":"https:\/\/api.w.org\/{rel}","templated":true}]}}