{"id":5165,"date":"2013-02-09T15:07:54","date_gmt":"2013-02-09T15:07:54","guid":{"rendered":"http:\/\/e-anjelik.sk\/?p=5165"},"modified":"2013-02-09T15:07:54","modified_gmt":"2013-02-09T15:07:54","slug":"9-februar","status":"publish","type":"post","link":"https:\/\/www.e-anjelik.sk\/index.php\/2013\/02\/09\/9-februar\/","title":{"rendered":"9. FEBRU\u00c1R"},"content":{"rendered":"<p>                                                                         9.FEBRU\u00c1R<\/p>\n<p>Ja som v\u0161ak povedal, ke\u010f sa mi dobre vodilo: Nikdy sa neskl\u00e1tim! Hospodine, vo svojej priazni postavil si ma na pevn\u00fd vrch &#8211; ke\u010f si skryl svoju tv\u00e1r, predesil som sa.<\/p>\n<p>                                                                                                                                                                  \u017dalm 30, 7-9<\/p>\n<p>      Ke\u010f n\u00e1m P\u00e1n Boh dal omilos\u0165uj\u00facu vieru a my sme \u0148ou dospeli k pevnej d\u00f4vere, \u017ee m\u00e1me v Kristovi milostiv\u00e9ho P\u00e1na Boha, n\u00e1jdeme sa v Edene.<\/p>\n<p>      Ale sk\u00f4r ako pr\u00eddeme do cie\u013ea, m\u00f4\u017eeme  sa to obr\u00e1ti\u0165: Boh n\u00e1m nech\u00e1 srdce zotrva\u0165 bez viery, a n\u00e1m zrazu nie je jasn\u00e9, \u010di e\u0161te m\u00f4\u017eeme ma\u0165 v \u0147om \u00fatechu.<br \/>\n       To v\u0161ak diabol n\u00e1m do srdca vn\u00e1\u0161a o \u0147om desiv\u00e9 my\u0161lienky, aby na\u0161e vedomie naplnl t\u00fdm, \u017ee sme Ho stratili, a ono sa potom zmieta a zlyh\u00e1va, akoby nebolo ni\u010doho in\u00e9ho len hnev a nemilos\u0165, \u010do sme si na\u0161imi hriechmi zasl\u00fa\u017eili.<\/p>\n<p>                                                 Martin Luther: Smerovn\u00edk kres\u0165anskej cesty<\/p>\n<p>Modlitba:<br \/>\nMil\u00fd Pane Bo\u017ee, \u010fakujeme Ti, \u017ee si na\u0161\u00edm pevn\u00fd Hradom, do ktor\u00e9ho sa smieme utieka\u0165 v ka\u017edom \u010dase a v ka\u017edej chv\u00edli. Amen  <\/p>\n","protected":false},"excerpt":{"rendered":"<p>9.FEBRU\u00c1R Ja som v\u0161ak povedal, ke\u010f sa mi dobre vodilo: Nikdy sa neskl\u00e1tim! Hospodine, vo svojej priazni postavil si ma na pevn\u00fd vrch &#8211; ke\u010f si skryl svoju tv\u00e1r, predesil som sa. \u017dalm 30, 7-9 Ke\u010f n\u00e1m P\u00e1n Boh dal omilos\u0165uj\u00facu vieru a my sme \u0148ou dospeli k pevnej d\u00f4vere, \u017ee m\u00e1me v Kristovi milostiv\u00e9ho &#8230; <a title=\"9. FEBRU\u00c1R\" class=\"read-more\" href=\"https:\/\/www.e-anjelik.sk\/index.php\/2013\/02\/09\/9-februar\/\" aria-label=\"Pre\u010d\u00edtajte si viac o 9. FEBRU\u00c1R\">\u010c\u00edta\u0165 viac<\/a><\/p>\n","protected":false},"author":4,"featured_media":0,"comment_status":"open","ping_status":"open","sticky":false,"template":"","format":"standard","meta":{"footnotes":""},"categories":[1],"tags":[],"class_list":["post-5165","post","type-post","status-publish","format-standard","hentry","category-adventna-modlitba"],"_links":{"self":[{"href":"https:\/\/www.e-anjelik.sk\/index.php\/wp-json\/wp\/v2\/posts\/5165","targetHints":{"allow":["GET"]}}],"collection":[{"href":"https:\/\/www.e-anjelik.sk\/index.php\/wp-json\/wp\/v2\/posts"}],"about":[{"href":"https:\/\/www.e-anjelik.sk\/index.php\/wp-json\/wp\/v2\/types\/post"}],"author":[{"embeddable":true,"href":"https:\/\/www.e-anjelik.sk\/index.php\/wp-json\/wp\/v2\/users\/4"}],"replies":[{"embeddable":true,"href":"https:\/\/www.e-anjelik.sk\/index.php\/wp-json\/wp\/v2\/comments?post=5165"}],"version-history":[{"count":0,"href":"https:\/\/www.e-anjelik.sk\/index.php\/wp-json\/wp\/v2\/posts\/5165\/revisions"}],"wp:attachment":[{"href":"https:\/\/www.e-anjelik.sk\/index.php\/wp-json\/wp\/v2\/media?parent=5165"}],"wp:term":[{"taxonomy":"category","embeddable":true,"href":"https:\/\/www.e-anjelik.sk\/index.php\/wp-json\/wp\/v2\/categories?post=5165"},{"taxonomy":"post_tag","embeddable":true,"href":"https:\/\/www.e-anjelik.sk\/index.php\/wp-json\/wp\/v2\/tags?post=5165"}],"curies":[{"name":"wp","href":"https:\/\/api.w.org\/{rel}","templated":true}]}}