{"id":5167,"date":"2013-02-10T19:35:33","date_gmt":"2013-02-10T19:35:33","guid":{"rendered":"http:\/\/e-anjelik.sk\/?p=5167"},"modified":"2013-02-10T19:35:33","modified_gmt":"2013-02-10T19:35:33","slug":"10-februar","status":"publish","type":"post","link":"https:\/\/www.e-anjelik.sk\/index.php\/2013\/02\/10\/10-februar\/","title":{"rendered":"10. FEBRU\u00c1R"},"content":{"rendered":"<p>                                                                 10. FEBRU\u00c1R<\/p>\n<p>Vy, ktor\u00ed ste boli pokrsten\u00ed v Krista, Krista ste si obliekli.<\/p>\n<p>                                                                                                                                                         Galatsk\u00fdm 3, 27<\/p>\n<p>      Krst je voda, v ktorej sa Syn Bo\u017e\u00ed k\u00fape, Duch Sv\u00e4t\u00fd nad \u0148ou vanie, Boh Otec o nej k\u00e1\u017ee, a tak sa st\u00e1va milostiplnou vodou, sv\u00e4tenou a posv\u00e4tenou Bohom Otcom, Synom a Duchom Sv\u00e4t\u00fdm.<\/p>\n<p>        \u017de je Kristus na\u0161\u00edm odevom, a \u017ee pre n\u00e1s svoj odev sprostredkoval ( tzn. pred Bohom vystupuje ako Prostredn\u00edk), po\u010dujeme radi. Ale akon\u00e1hle chce svoj odev vy\u010disti\u0165, to zn\u00e1\u0161ame neradi.<\/p>\n<p>       Ak chceme by\u0165 Jeho odevom, mus\u00edme strpie\u0165, aby ho \u010distieval: On nechce zost\u00e1va\u0165 v ne\u010distom odeve. Preto je dobr\u00fdm znamen\u00edm, ke\u010f sp\u00f4sobuje ve\u013ea utrpenia, a nepo\u013eavuje ani nesk\u00f4r, ke\u010f ide o Jeho odev, ktor\u00fd pre\u010dis\u0165uje najr\u00f4znej\u0161\u00edm utrpen\u00edm. Ak to nekon\u00e1, potom nejde o Jeho odev. Je nezlu\u010dite\u013en\u00e9, by\u0165 pokrsten\u00fd a \u017ei\u0165 na\u010falej v hriechoch. Kto teda v hriechoch \u017eije, premrhal milos\u0165 Krstu sv\u00e4t\u00e9ho.<\/p>\n<p>                                                       Martin Luther: Smerovn\u00edk kres\u0165anskej cesty<\/p>\n<p>Modlitba:<br \/>\nV\u010faka Ti, Pane Je\u017ei\u0161i, \u017ee si n\u00e1s prijal na milos\u0165 v Krste sv\u00e4tom a st\u00e1le n\u00e1s oblieka\u0161 do r\u00facha spravodlivosti, \u010distoty a nov\u00e9ho \u017eivota. Amen<\/p>\n","protected":false},"excerpt":{"rendered":"<p>10. FEBRU\u00c1R Vy, ktor\u00ed ste boli pokrsten\u00ed v Krista, Krista ste si obliekli. Galatsk\u00fdm 3, 27 Krst je voda, v ktorej sa Syn Bo\u017e\u00ed k\u00fape, Duch Sv\u00e4t\u00fd nad \u0148ou vanie, Boh Otec o nej k\u00e1\u017ee, a tak sa st\u00e1va milostiplnou vodou, sv\u00e4tenou a posv\u00e4tenou Bohom Otcom, Synom a Duchom Sv\u00e4t\u00fdm. \u017de je Kristus na\u0161\u00edm odevom, &#8230; <a title=\"10. FEBRU\u00c1R\" class=\"read-more\" href=\"https:\/\/www.e-anjelik.sk\/index.php\/2013\/02\/10\/10-februar\/\" aria-label=\"Pre\u010d\u00edtajte si viac o 10. FEBRU\u00c1R\">\u010c\u00edta\u0165 viac<\/a><\/p>\n","protected":false},"author":4,"featured_media":0,"comment_status":"open","ping_status":"open","sticky":false,"template":"","format":"standard","meta":{"footnotes":""},"categories":[1],"tags":[],"class_list":["post-5167","post","type-post","status-publish","format-standard","hentry","category-adventna-modlitba"],"_links":{"self":[{"href":"https:\/\/www.e-anjelik.sk\/index.php\/wp-json\/wp\/v2\/posts\/5167","targetHints":{"allow":["GET"]}}],"collection":[{"href":"https:\/\/www.e-anjelik.sk\/index.php\/wp-json\/wp\/v2\/posts"}],"about":[{"href":"https:\/\/www.e-anjelik.sk\/index.php\/wp-json\/wp\/v2\/types\/post"}],"author":[{"embeddable":true,"href":"https:\/\/www.e-anjelik.sk\/index.php\/wp-json\/wp\/v2\/users\/4"}],"replies":[{"embeddable":true,"href":"https:\/\/www.e-anjelik.sk\/index.php\/wp-json\/wp\/v2\/comments?post=5167"}],"version-history":[{"count":0,"href":"https:\/\/www.e-anjelik.sk\/index.php\/wp-json\/wp\/v2\/posts\/5167\/revisions"}],"wp:attachment":[{"href":"https:\/\/www.e-anjelik.sk\/index.php\/wp-json\/wp\/v2\/media?parent=5167"}],"wp:term":[{"taxonomy":"category","embeddable":true,"href":"https:\/\/www.e-anjelik.sk\/index.php\/wp-json\/wp\/v2\/categories?post=5167"},{"taxonomy":"post_tag","embeddable":true,"href":"https:\/\/www.e-anjelik.sk\/index.php\/wp-json\/wp\/v2\/tags?post=5167"}],"curies":[{"name":"wp","href":"https:\/\/api.w.org\/{rel}","templated":true}]}}