{"id":5171,"date":"2013-02-11T12:39:40","date_gmt":"2013-02-11T12:39:40","guid":{"rendered":"http:\/\/e-anjelik.sk\/?p=5171"},"modified":"2013-02-11T12:39:40","modified_gmt":"2013-02-11T12:39:40","slug":"hovorca-vatikanu-na-velku-noc-budeme-mat-noveho-papeza","status":"publish","type":"post","link":"https:\/\/www.e-anjelik.sk\/index.php\/2013\/02\/11\/hovorca-vatikanu-na-velku-noc-budeme-mat-noveho-papeza\/","title":{"rendered":"Hovorca Vatik\u00e1nu: Na Ve\u013ek\u00fa noc budeme ma\u0165 nov\u00e9ho p\u00e1pe\u017ea!"},"content":{"rendered":"<p>Hovoca Vatik\u00e1nu Federico Lombardi vyhl\u00e1sil, \u017ee u\u017e na Ve\u013ek\u00fa noc katol\u00edcka cirkev bude ma\u0165 nov\u00e9ho p\u00e1pe\u017ea. Teraj\u0161\u00ed p\u00e1pe\u017e po abdik\u00e1cii sa utiahne do b\u00fdval\u00e9ho kl\u00e1\u0161tora klauzurn\u00fdch sestier v R\u00edme. K\u00fdm sa tam priprav\u00ed pre neho b\u00fdvanie, bude sa zdr\u017eiava\u0165 v letnom s\u00eddle v Castell Gandolfe. Na vo\u013ebe nov\u00e9ho p\u00e1pe\u017ea &#8211; svojho n\u00e1stupcu sa nez\u00fa\u010dastn\u00ed.<br \/>\n(evangelisch.de) <\/p>\n","protected":false},"excerpt":{"rendered":"<p>Hovoca Vatik\u00e1nu Federico Lombardi vyhl\u00e1sil, \u017ee u\u017e na Ve\u013ek\u00fa noc katol\u00edcka cirkev bude ma\u0165 nov\u00e9ho p\u00e1pe\u017ea. Teraj\u0161\u00ed p\u00e1pe\u017e po abdik\u00e1cii sa utiahne do b\u00fdval\u00e9ho kl\u00e1\u0161tora klauzurn\u00fdch sestier v R\u00edme. K\u00fdm sa tam priprav\u00ed pre neho b\u00fdvanie, bude sa zdr\u017eiava\u0165 v letnom s\u00eddle v Castell Gandolfe. Na vo\u013ebe nov\u00e9ho p\u00e1pe\u017ea &#8211; svojho n\u00e1stupcu sa nez\u00fa\u010dastn\u00ed. (evangelisch.de)<\/p>\n","protected":false},"author":22,"featured_media":0,"comment_status":"open","ping_status":"open","sticky":false,"template":"","format":"standard","meta":{"footnotes":""},"categories":[2],"tags":[],"class_list":["post-5171","post","type-post","status-publish","format-standard","hentry","category-ekumena"],"_links":{"self":[{"href":"https:\/\/www.e-anjelik.sk\/index.php\/wp-json\/wp\/v2\/posts\/5171","targetHints":{"allow":["GET"]}}],"collection":[{"href":"https:\/\/www.e-anjelik.sk\/index.php\/wp-json\/wp\/v2\/posts"}],"about":[{"href":"https:\/\/www.e-anjelik.sk\/index.php\/wp-json\/wp\/v2\/types\/post"}],"author":[{"embeddable":true,"href":"https:\/\/www.e-anjelik.sk\/index.php\/wp-json\/wp\/v2\/users\/22"}],"replies":[{"embeddable":true,"href":"https:\/\/www.e-anjelik.sk\/index.php\/wp-json\/wp\/v2\/comments?post=5171"}],"version-history":[{"count":0,"href":"https:\/\/www.e-anjelik.sk\/index.php\/wp-json\/wp\/v2\/posts\/5171\/revisions"}],"wp:attachment":[{"href":"https:\/\/www.e-anjelik.sk\/index.php\/wp-json\/wp\/v2\/media?parent=5171"}],"wp:term":[{"taxonomy":"category","embeddable":true,"href":"https:\/\/www.e-anjelik.sk\/index.php\/wp-json\/wp\/v2\/categories?post=5171"},{"taxonomy":"post_tag","embeddable":true,"href":"https:\/\/www.e-anjelik.sk\/index.php\/wp-json\/wp\/v2\/tags?post=5171"}],"curies":[{"name":"wp","href":"https:\/\/api.w.org\/{rel}","templated":true}]}}