{"id":5173,"date":"2013-02-11T15:01:34","date_gmt":"2013-02-11T15:01:34","guid":{"rendered":"http:\/\/e-anjelik.sk\/?p=5173"},"modified":"2013-02-11T15:01:34","modified_gmt":"2013-02-11T15:01:34","slug":"modli-sa-alebo","status":"publish","type":"post","link":"https:\/\/www.e-anjelik.sk\/index.php\/2013\/02\/11\/modli-sa-alebo\/","title":{"rendered":"Modl\u00ed sa, alebo?&#8230;"},"content":{"rendered":"<p>                                                         Zlo\u017een\u00e9 ruky prezidenta<\/p>\n<p>     Najnov\u0161ia ofici\u00e1lna fotografia p\u00e1na prezidenta \u010cR M. Zemana  vyvola \u0161irok\u00fa diskusiu medzi obyvate\u013emi. Ot\u00e1zka znie:<br \/>\nPre\u010do sa dal na ofici\u00e1lny obraz prezidenta vyfotografova\u0165 so zlo\u017een\u00fdmi rukami?<br \/>\nNa\u0161a agent\u00fara zhrunula odpovede respondentov do t\u00fdchto skup\u00edn:<\/p>\n<p>Liber\u00e1li: pre\u010do nie?<\/p>\n<p>Socialisti: Aj socialisti sa m\u00f4\u017eu modli\u0165 k svojmu bohu.<\/p>\n<p>Moralisti: Prezidentovi  sa nepatr\u00ed dr\u017ea\u0165 v ruke poldec\u00e1k a cigaretu.<\/p>\n<p>Mlad\u00ed \u013eudia: Aby zakryl svoje tri brady.<\/p>\n<p>Star\u0161\u00ed a sk\u00fasen\u00ed: \u00darad rozum ned\u00e1, treba sa pomodli\u0165.<\/p>\n<p>Konzervat\u00edvci: Je to sp\u00f4sob neverb\u00e1lnej komunik\u00e1cie, s\u013e\u00fabil ve\u013ea, v ruk\u00e1ch nem\u00e1 ni\u010d<\/p>\n<p>\u017deny: Omladol a sekne mu to<\/p>\n<p>Mu\u017ei: Zv\u00ed\u0165azil a  \u0161tyri roky m\u00f4\u017ee ma\u0165 ruky zlo\u017een\u00e9<\/p>\n<p>Milo\u0161 Zeman: V\u00edte to je tak. Ked\u017ee se uvolnil stolec sv. Petra,  z\u00e1rove\u0148 za\u010dala nov\u00e1 kampa\u0148 a ja som t\u00fato v\u00fdzvu prijal. Je to jasn\u00fd vzkaz m\u00fdm voli\u010d\u00fam:  Zeman, do Vatik\u00e1nu!<br \/>\nMeno u\u017e m\u00e1m pripraven\u00e9: Piu prvn\u00ed.<\/p>\n<p>ag.tbc.<\/p>\n","protected":false},"excerpt":{"rendered":"<p>Zlo\u017een\u00e9 ruky prezidenta Najnov\u0161ia ofici\u00e1lna fotografia p\u00e1na prezidenta \u010cR M. Zemana vyvola \u0161irok\u00fa diskusiu medzi obyvate\u013emi. Ot\u00e1zka znie: Pre\u010do sa dal na ofici\u00e1lny obraz prezidenta vyfotografova\u0165 so zlo\u017een\u00fdmi rukami? Na\u0161a agent\u00fara zhrunula odpovede respondentov do t\u00fdchto skup\u00edn: Liber\u00e1li: pre\u010do nie? Socialisti: Aj socialisti sa m\u00f4\u017eu modli\u0165 k svojmu bohu. Moralisti: Prezidentovi sa nepatr\u00ed dr\u017ea\u0165 v &#8230; <a title=\"Modl\u00ed sa, alebo?&#8230;\" class=\"read-more\" href=\"https:\/\/www.e-anjelik.sk\/index.php\/2013\/02\/11\/modli-sa-alebo\/\" aria-label=\"Pre\u010d\u00edtajte si viac o Modl\u00ed sa, alebo?&#8230;\">\u010c\u00edta\u0165 viac<\/a><\/p>\n","protected":false},"author":8,"featured_media":0,"comment_status":"open","ping_status":"open","sticky":false,"template":"","format":"standard","meta":{"footnotes":""},"categories":[161],"tags":[],"class_list":["post-5173","post","type-post","status-publish","format-standard","hentry","category-vtipy-a-zabava"],"_links":{"self":[{"href":"https:\/\/www.e-anjelik.sk\/index.php\/wp-json\/wp\/v2\/posts\/5173","targetHints":{"allow":["GET"]}}],"collection":[{"href":"https:\/\/www.e-anjelik.sk\/index.php\/wp-json\/wp\/v2\/posts"}],"about":[{"href":"https:\/\/www.e-anjelik.sk\/index.php\/wp-json\/wp\/v2\/types\/post"}],"author":[{"embeddable":true,"href":"https:\/\/www.e-anjelik.sk\/index.php\/wp-json\/wp\/v2\/users\/8"}],"replies":[{"embeddable":true,"href":"https:\/\/www.e-anjelik.sk\/index.php\/wp-json\/wp\/v2\/comments?post=5173"}],"version-history":[{"count":0,"href":"https:\/\/www.e-anjelik.sk\/index.php\/wp-json\/wp\/v2\/posts\/5173\/revisions"}],"wp:attachment":[{"href":"https:\/\/www.e-anjelik.sk\/index.php\/wp-json\/wp\/v2\/media?parent=5173"}],"wp:term":[{"taxonomy":"category","embeddable":true,"href":"https:\/\/www.e-anjelik.sk\/index.php\/wp-json\/wp\/v2\/categories?post=5173"},{"taxonomy":"post_tag","embeddable":true,"href":"https:\/\/www.e-anjelik.sk\/index.php\/wp-json\/wp\/v2\/tags?post=5173"}],"curies":[{"name":"wp","href":"https:\/\/api.w.org\/{rel}","templated":true}]}}