{"id":5189,"date":"2013-02-15T11:58:30","date_gmt":"2013-02-15T11:58:30","guid":{"rendered":"http:\/\/e-anjelik.sk\/?p=5189"},"modified":"2013-02-15T11:58:30","modified_gmt":"2013-02-15T11:58:30","slug":"cirkev-viac-ako-dvaja-kongres-v-hannoveri-o-buducnosti-cirkvi","status":"publish","type":"post","link":"https:\/\/www.e-anjelik.sk\/index.php\/2013\/02\/15\/cirkev-viac-ako-dvaja-kongres-v-hannoveri-o-buducnosti-cirkvi\/","title":{"rendered":"Cirkev viac ako dvaja &#8211; kongres V Hannoveri o bud\u00facnosti cirkv\u00ed"},"content":{"rendered":"<p>Vo \u0161tvrtok 14. febru\u00e1ra 2013 sa v Hannoveri za\u010dal kongres s mottom &#8220; Cirkev je viac ako dvaja&#8220;. Na programe 1000 \u00fa\u010dastn\u00edkov z evanjelickej a katol\u00edckej cirkvi bud\u00fa rie\u0161i\u0165 podnety pre o\u017eivenie pr\u00e1ce cirkvi v spolo\u010dnosti a samotnej cirkvi. Obe cirkvi vedie k tomu pokles \u010dlenov a trval\u00fd nedostatok z\u00e1ujmu o \u0161t\u00fadium teol\u00f3gie. Kongres organizuj\u00fa miestne kres\u0165ansk\u00e9 cirkvi: Evanjelicko-luter\u00e1nska cirkev Hannoverska a katol\u00edcka diec\u00e9za Hildesheim. Na programe je 70 pracovn\u00fdch dieln\u00ed a 23 f\u00f3r. Kongres potrv\u00e1 do soboty.<br \/>\n(www.evangelisch.de)<\/p>\n","protected":false},"excerpt":{"rendered":"<p>Vo \u0161tvrtok 14. febru\u00e1ra 2013 sa v Hannoveri za\u010dal kongres s mottom &#8220; Cirkev je viac ako dvaja&#8220;. Na programe 1000 \u00fa\u010dastn\u00edkov z evanjelickej a katol\u00edckej cirkvi bud\u00fa rie\u0161i\u0165 podnety pre o\u017eivenie pr\u00e1ce cirkvi v spolo\u010dnosti a samotnej cirkvi. Obe cirkvi vedie k tomu pokles \u010dlenov a trval\u00fd nedostatok z\u00e1ujmu o \u0161t\u00fadium teol\u00f3gie. Kongres organizuj\u00fa &#8230; <a title=\"Cirkev viac ako dvaja &#8211; kongres V Hannoveri o bud\u00facnosti cirkv\u00ed\" class=\"read-more\" href=\"https:\/\/www.e-anjelik.sk\/index.php\/2013\/02\/15\/cirkev-viac-ako-dvaja-kongres-v-hannoveri-o-buducnosti-cirkvi\/\" aria-label=\"Pre\u010d\u00edtajte si viac o Cirkev viac ako dvaja &#8211; kongres V Hannoveri o bud\u00facnosti cirkv\u00ed\">\u010c\u00edta\u0165 viac<\/a><\/p>\n","protected":false},"author":22,"featured_media":0,"comment_status":"open","ping_status":"open","sticky":false,"template":"","format":"standard","meta":{"footnotes":""},"categories":[2],"tags":[],"class_list":["post-5189","post","type-post","status-publish","format-standard","hentry","category-ekumena"],"_links":{"self":[{"href":"https:\/\/www.e-anjelik.sk\/index.php\/wp-json\/wp\/v2\/posts\/5189","targetHints":{"allow":["GET"]}}],"collection":[{"href":"https:\/\/www.e-anjelik.sk\/index.php\/wp-json\/wp\/v2\/posts"}],"about":[{"href":"https:\/\/www.e-anjelik.sk\/index.php\/wp-json\/wp\/v2\/types\/post"}],"author":[{"embeddable":true,"href":"https:\/\/www.e-anjelik.sk\/index.php\/wp-json\/wp\/v2\/users\/22"}],"replies":[{"embeddable":true,"href":"https:\/\/www.e-anjelik.sk\/index.php\/wp-json\/wp\/v2\/comments?post=5189"}],"version-history":[{"count":0,"href":"https:\/\/www.e-anjelik.sk\/index.php\/wp-json\/wp\/v2\/posts\/5189\/revisions"}],"wp:attachment":[{"href":"https:\/\/www.e-anjelik.sk\/index.php\/wp-json\/wp\/v2\/media?parent=5189"}],"wp:term":[{"taxonomy":"category","embeddable":true,"href":"https:\/\/www.e-anjelik.sk\/index.php\/wp-json\/wp\/v2\/categories?post=5189"},{"taxonomy":"post_tag","embeddable":true,"href":"https:\/\/www.e-anjelik.sk\/index.php\/wp-json\/wp\/v2\/tags?post=5189"}],"curies":[{"name":"wp","href":"https:\/\/api.w.org\/{rel}","templated":true}]}}