{"id":5205,"date":"2013-02-20T10:19:16","date_gmt":"2013-02-20T10:19:16","guid":{"rendered":"http:\/\/e-anjelik.sk\/?p=5205"},"modified":"2013-02-20T10:19:16","modified_gmt":"2013-02-20T10:19:16","slug":"samuel-tomasik-1813-1887","status":"publish","type":"post","link":"https:\/\/www.e-anjelik.sk\/index.php\/2013\/02\/20\/samuel-tomasik-1813-1887\/","title":{"rendered":"Samuel Tom\u00e1\u0161ik (1813-1887)"},"content":{"rendered":"<p>Evanjelick\u00fd a. v. far\u00e1r a senior, ktor\u00fd patr\u00ed k d\u00f4le\u017eit\u00fdm osobnostiam pre evanjelick\u00fa cirkev, slovensk\u00fd n\u00e1rod i spolo\u010dnos\u0165. Svojou celo\u017eivotnou \u010dinnos\u0165ou sa zaradil medzi v\u00fdznamn\u00fdch predstavite\u013eov slovenskej evanjelickej inteligencie. Bojoval za evanjelick\u00fa cirkev, za zavedenie spisovnej sloven\u010diny na \u0161kol\u00e1ch a v cirkevnej spr\u00e1ve, za po\u017eiadavky slovensk\u00e9ho n\u00e1roda.<\/p>\n<p>Poch\u00e1dzal z rodiny vzdelan\u00e9ho evanjelick\u00e9ho far\u00e1ra. Narodil sa 8. 2. 1813 v Gemerskej (Jel\u0161avskej) Teplici rodi\u010dom Pavlovi (1770 \u2013 1833) a Krist\u00edne Tom\u00e1\u0161ikovcom, ktor\u00ed mali spolu 10 det\u00ed. \u017dili s\u00edce v skromn\u00fdch podmienkach, ale v s\u00falade s reforma\u010dnou z\u00e1sadou umo\u017enili \u0161tyrom svojim synom \u0161tudova\u0165.<\/p>\n<p>S\u00fakromn\u00fd \u017eivot Samuela Tom\u00e1\u0161ika bol pozna\u010den\u00fd nehodami a smr\u0165ou det\u00ed. Musel prekon\u00e1va\u0165 jednu prek\u00e1\u017eku za druhou. Z 13-tich det\u00ed (8 synov a 5 dc\u00e9r), ktor\u00e9 mal v man\u017eelstve s Annou, rod. Antonyovou, mu v\u0161ak u\u017e v dospelosti zomreli: dc\u00e9ra \u013dudmila, synovia Karol, Samuel a Pavel Bohodar.<\/p>\n<p>U\u017e za svojho \u017eivota bol Tom\u00e1\u0161ik pova\u017eovan\u00fd za vzdelan\u00e9ho teol\u00f3ga, horliv\u00e9ho vyzn\u00e1va\u010da P\u00edsma sv\u00e4t\u00e9ho, kazate\u013ea slova Bo\u017eieho, \u010destn\u00e9ho a mravn\u00e9ho \u010dloveka so zmyslom pre humor. Cel\u00fd svoj dospel\u00fd \u017eivot str\u00e1vil ako evanjelick\u00fd far\u00e1r v Chy\u017enom. Stal sa z neho horliv\u00fd cirkevn\u00fd, n\u00e1rodn\u00fd a liter\u00e1rny pracovn\u00edk. Bol b\u00e1snikom, prozaikom a publicistom. V\u00fdznamnou mierou sa zasl\u00fa\u017eil o zostavenie a vydanie evanjelick\u00e9ho spevn\u00edka, ktor\u00fd vy\u0161iel na jese\u0148 roku 1842 v Budape\u0161ti pod n\u00e1zvom \u201eZp\u011bvn\u00edk evangelick\u00fd\u201c, do ktor\u00e9ho nap\u00edsal 24 piesn\u00ed.<\/p>\n<p>Samuel Tom\u00e1\u0161ik bol prozaik, b\u00e1snik, tvorca hymnick\u00fdch piesn\u00ed, n\u00e1rodovec, historik, ale hlavne evanjelick\u00fd k\u0148az \u2212 p\u00f4sobil v cirkevnom zbore Chy\u017en\u00e9 od roku 1833 do roku 1887. Tom\u00e1\u0161ik ako k\u0148az a nesk\u00f4r senior bol \u010dlovek hlboko veriaci, tvoriv\u00fd a horliaci za svoj n\u00e1rod. Viera mu d\u00e1vala silu prekon\u00e1va\u0165 mnoh\u00e9 rodinn\u00e9 trag\u00e9die, ktor\u00e9 ho postretli. Ke\u010f Tom\u00e1\u0161ik zomrel, nikto na jeho pohrebe slovkom nespomenul v\u00fdznamnos\u0165 jeho \u010dinov pre n\u00e1\u0161 slovensk\u00fd n\u00e1rod. Ako plynul \u010das, vypadol z povedomia slovensk\u00e9ho n\u00e1roda a n\u00e1jdeme o \u0148om len m\u00e1lo zmienok v u\u010debniciach literat\u00fary. Najv\u00fdznamnej\u0161ie sa zap\u00edsal ako tvorca hymnickej piesne \u201eHej, Slov\u00e1ci!\u201c, ktor\u00fa nap\u00edsal pri svojej n\u00e1v\u0161teve Prahy, ke\u010f bol pob\u00faren\u00fd faktom, \u017ee nem\u010dinu bolo v uliciach mesta po\u010du\u0165 viac ako \u010de\u0161tinu.<\/p>\n","protected":false},"excerpt":{"rendered":"<p>Evanjelick\u00fd a. v. far\u00e1r a senior, ktor\u00fd patr\u00ed k d\u00f4le\u017eit\u00fdm osobnostiam pre evanjelick\u00fa cirkev, slovensk\u00fd n\u00e1rod i spolo\u010dnos\u0165. Svojou celo\u017eivotnou \u010dinnos\u0165ou sa zaradil medzi v\u00fdznamn\u00fdch predstavite\u013eov slovenskej evanjelickej inteligencie. Bojoval za evanjelick\u00fa cirkev, za zavedenie spisovnej sloven\u010diny na \u0161kol\u00e1ch a v cirkevnej spr\u00e1ve, za po\u017eiadavky slovensk\u00e9ho n\u00e1roda. Poch\u00e1dzal z rodiny vzdelan\u00e9ho evanjelick\u00e9ho far\u00e1ra. Narodil sa &#8230; <a title=\"Samuel Tom\u00e1\u0161ik (1813-1887)\" class=\"read-more\" href=\"https:\/\/www.e-anjelik.sk\/index.php\/2013\/02\/20\/samuel-tomasik-1813-1887\/\" aria-label=\"Pre\u010d\u00edtajte si viac o Samuel Tom\u00e1\u0161ik (1813-1887)\">\u010c\u00edta\u0165 viac<\/a><\/p>\n","protected":false},"author":1,"featured_media":0,"comment_status":"open","ping_status":"open","sticky":false,"template":"","format":"standard","meta":{"footnotes":""},"categories":[250,251],"tags":[243],"class_list":["post-5205","post","type-post","status-publish","format-standard","hentry","category-chyzne","category-gemerske-teplice","tag-historicke-osobnosti-ev-cirkvi"],"_links":{"self":[{"href":"https:\/\/www.e-anjelik.sk\/index.php\/wp-json\/wp\/v2\/posts\/5205","targetHints":{"allow":["GET"]}}],"collection":[{"href":"https:\/\/www.e-anjelik.sk\/index.php\/wp-json\/wp\/v2\/posts"}],"about":[{"href":"https:\/\/www.e-anjelik.sk\/index.php\/wp-json\/wp\/v2\/types\/post"}],"author":[{"embeddable":true,"href":"https:\/\/www.e-anjelik.sk\/index.php\/wp-json\/wp\/v2\/users\/1"}],"replies":[{"embeddable":true,"href":"https:\/\/www.e-anjelik.sk\/index.php\/wp-json\/wp\/v2\/comments?post=5205"}],"version-history":[{"count":0,"href":"https:\/\/www.e-anjelik.sk\/index.php\/wp-json\/wp\/v2\/posts\/5205\/revisions"}],"wp:attachment":[{"href":"https:\/\/www.e-anjelik.sk\/index.php\/wp-json\/wp\/v2\/media?parent=5205"}],"wp:term":[{"taxonomy":"category","embeddable":true,"href":"https:\/\/www.e-anjelik.sk\/index.php\/wp-json\/wp\/v2\/categories?post=5205"},{"taxonomy":"post_tag","embeddable":true,"href":"https:\/\/www.e-anjelik.sk\/index.php\/wp-json\/wp\/v2\/tags?post=5205"}],"curies":[{"name":"wp","href":"https:\/\/api.w.org\/{rel}","templated":true}]}}