{"id":5206,"date":"2013-02-20T10:20:21","date_gmt":"2013-02-20T10:20:21","guid":{"rendered":"http:\/\/e-anjelik.sk\/?p=5206"},"modified":"2013-02-20T10:20:21","modified_gmt":"2013-02-20T10:20:21","slug":"rehabilitacia-duchovnych-v-ecav-v-r-1991","status":"publish","type":"post","link":"https:\/\/www.e-anjelik.sk\/index.php\/2013\/02\/20\/rehabilitacia-duchovnych-v-ecav-v-r-1991\/","title":{"rendered":"Rehabilit\u00e1cia duchovn\u00fdch v ECAV v r.1991"},"content":{"rendered":"<p>Rehabilit\u00e1cia ( z lat. zados\u0165u\u010dinenie za bezpr\u00e1vie)  po r.1989  t\u00fdch pracovn\u00edkov ECAV, ktor\u00ed boli postihnut\u00ed  v predch\u00e1dzaj\u00facom totalitnom re\u017eime v obdob\u00ed 1948 &#8211; 1989 sa za\u010dala v r.1990 t\u00fdm, \u017ee Gener\u00e1lna rada a gener\u00e1lne presbyterstvo vytvorili rehabilita\u010dn\u00fa komisiu na rie\u0161enie situ\u00e1cie. Predsedom bol senior Anrej Kvas.<\/p>\n<p>Na gener\u00e1lnom konvente v r.1991 v Bratislave rehabilitovali 29 ods\u00faden\u00fdch a v\u00e4znen\u00fdch:<\/p>\n<p>a\/ in memoriam:<\/p>\n<p><a href=\"http:\/\/www.evanjelik.net\/fedor-ruppeldt-1921-1952\/\">Fedor Ruppeldt<\/a>, biskup ZD<br \/>\nVladim\u00edr Bu\u010dek, far\u00e1r v K\u0161innej<br \/>\nJ\u00e1n \u010cierny , far\u00e1r v Moravskom Lieskovom<br \/>\nPavel Chorv\u00e1t, far\u00e1r v Slatine  nad Bebravou<br \/>\nDaniel Jan\u0161o , far\u00e1r v Rankovciach<br \/>\nJozef Jur\u00e1\u0161, di\u0161triktu\u00e1lny far\u00e1r v Liptovskom Mikul\u00e1\u0161i<br \/>\nBedrich Kasanick\u00fd, far\u00e1r v Dob\u0161inej<br \/>\nMirko Petrovi\u010d, di\u0161triktu\u00e1lny far\u00e1r v Bratislave<br \/>\nPavel Neck\u00e1r, tajomn\u00edk biskupsk\u00e9ho \u00faradu<br \/>\nMartin Stra\u0161ko, far\u00e1r v Polt\u00e1ri<br \/>\nJuraj Struh\u00e1rik, far\u00e1r v Bzinciach pod Javorinou<br \/>\n\u013dudov\u00edt Tarn\u00f3czy, far\u00e1r v Slavo\u0161ovciach<br \/>\nJ\u00e1n Trebula, far\u00e1r v Ozd\u00edne<br \/>\n\u013dudov\u00edt Vajdi\u010dka, far\u00e1r v Martine<br \/>\nPavel Van\u00ed\u010dek, far\u00e1r v \u010castkove<br \/>\nOtto V\u00edzner, katech\u00e9ta v Martine<\/p>\n<p>b\/ \u017eij\u00faci:<br \/>\nPavel Uhorskai, gener\u00e1lny biskup<br \/>\nJ\u00e1n Agnet, far\u00e1r v Ochtinej<br \/>\nJ\u00e1n Antal, far\u00e1r v Sv\u00e4toplukove ( nesk\u00f4r biskup ZD)<br \/>\nDarina Banc\u00edkov\u00e1, far\u00e1rka vo Ve\u013ekom Lome<br \/>\nAlexander Barica, far\u00e1r v Horn\u00fdch Ozorovciach<br \/>\nLadislav Jurkovi\u010d, far\u00e1r v Ko\u0161iciach<br \/>\nJ\u00e1n Ka\u0161\u0161ovi\u010d, far\u00e1r v Horn\u00fdch Zeleniciach<br \/>\nJ\u00falius Madar\u00e1s, far\u00e1r v Betliari<br \/>\nKarol Novomesk\u00fd, far\u00e1r v Uhrovci<br \/>\nJ\u00e1n Paulov, far\u00e1r v Gemerskej Polome<br \/>\nPavel \u0160krin\u00e1r, far\u00e1r v Tekovsk\u00fdch Lu\u017eanoch<br \/>\nSamuel Velebn\u00fd, far\u00e1r vo Vlachove<\/p>\n<p>\u010ealej bolo rehabilitovan\u00fdch 9 ordinovan\u00fdch, ktor\u00fdch vzali do vy\u0161etrovacej v\u00e4zby a potom oslobodili alebo prepustili:<\/p>\n<p>a\/ in memoriam:<\/p>\n<p>J\u00e1n Hudec, far\u00e1r v \u0160v\u00e1bovciach<br \/>\nVladim\u00edr Pavel \u010cobrda, gener\u00e1lny biskup<br \/>\nJuraj Buzalka, far\u00e1r v Stredn\u00fdch Plachtinciach<\/p>\n<p>b\/ \u017eij\u00faci:<\/p>\n<p> Alexander Lichner, far\u00e1r v Zemianskych Kosto\u013eanoch<br \/>\nJ\u00e1n Demko, far\u00e1r v P\u00e1rnici<br \/>\nMichal Hre\u0161ko, far\u00e1r v Hontianskej Vrbici<br \/>\nJozef Kubis, far\u00e1r v Slovenskom Pravne<br \/>\nDaniel Kov\u00e1\u010d, plukovn\u00edk duchovnej slu\u017eby<\/p>\n<p>3. \u010ealej desiati far\u00e1ri, ktor\u00fdm bol odobran\u00fd tzv.\u0161t\u00e1tny s\u00fahlas<\/p>\n<p>a\/ in memoriam:<br \/>\nJ\u00falius D\u00e9rer, far\u00e1r  a konsenior v Modre<br \/>\n\u013dudov\u00edt Neck\u00e1r, katech\u00e9ta v Liptovskomm Mikul\u00e1\u0161i<br \/>\n\u013dudov\u00edt \u0160en\u0161el, liptovsk\u00fd senior<br \/>\nMatej Tasler, far\u00e1r v Brezne nad Hronom<br \/>\nPavel Hronec, far\u00e1r vo Ve\u013ekom Krt\u00ed\u0161i<br \/>\nJozef Lajto\u0161, far\u00e1r v Hodu\u0161i a Drie\u0148ove<\/p>\n<p>b\/ \u017eij\u00faci:<br \/>\nOndrej Ko\u010d, far\u00e1r v Sl\u00e1dkovi\u010dove<br \/>\n\u013dudov\u00edt Dud\u00e1\u0161, far\u00e1r v Opinej<br \/>\nRadim\u00edr Kr\u00e1mer, far\u00e1r v Mn\u00ed\u0161ku nad Hnilcom<br \/>\nPavel \u0160ulan, n\u00e1mestn\u00fd far\u00e1r vo Ve\u013ek\u00fdch U\u013eanoch &#8211; Jelke<\/p>\n<p>\u010eakej 25 far\u00e1ri, ktor\u00fdm bol odobran\u00fd \u0161t\u00e1tny s\u00fahlas a umo\u017enen\u00e9 prejs\u0165 do in\u00e9ho zboru:<\/p>\n<p>a\/ in memoriam:<br \/>\nJ\u00falius Cibulka, far\u00e1r v Bratisave<br \/>\n\u0160tefan Dlh\u00e1\u0148, far\u00e1r v Pie\u0161\u0165anoch a Plt\u00e1ri<br \/>\n\u0160tefan Mosn\u00fd, far\u00e1r v Z\u00e1rie\u010d\u00ed a Dovalove<br \/>\n\u0160tefan Adamovi\u010d, far\u00e1r v Brezovej a Tur\u00ed\u010dkach<br \/>\nJ\u00e1n Vladim\u00edr Staro\u0148, far\u00e1r v Liptovskom trnovci a \u017dehni<br \/>\nPavol Sklen\u00e1r, senior na Myjave<br \/>\nJuraj Raab, far\u00e1r v Bardejove a Spi\u0161skej Belej<br \/>\nBohumil Kadle\u010d\u00edk, far\u00e1r v ra\u010di a Pust\u00fdch U\u013eanoch<br \/>\nStanislav Blaho, far\u00e1r v Modre<br \/>\nAdolf Kus\u00fd , far\u00e1r v \u00c1belovej<\/p>\n<p>b\/ \u017eij\u00faci:<br \/>\nJaroslav Monco\u013e, far\u00e1r v Jasenove<br \/>\nJozef Mi\u0161ina, far\u00e1r v Dovalove<br \/>\nMiloslav Sl\u00e1vik, far\u00e1r v Hybiach<br \/>\nVladim\u00edr Kuna, far\u00e1r v Liptovskom Mikul\u00e1\u0161i<br \/>\nDu\u0161an Alb\u00edny, far\u00e1r v H\u00e1ji<br \/>\nJuraj Spev\u00e1k, far\u00e1r v Nov\u00fdch Ko\u0161arisk\u00e1ch<br \/>\nMikul\u00e1\u0161 Mita\u013e, far\u00e1r v Banskej Bystrici<br \/>\nOndrej Prostredn\u00edk, far\u00e1r v Podlu\u017eanoch<br \/>\nJ\u00e1n Zem\u00e1nek, far\u00e1r v Kol\u00e1rove<br \/>\nVladim\u00edr \u0160efranko, far\u00e1r v Podlu\u017eanoch<br \/>\n\u0160tefan Bojn\u00e1k, far\u00e1r v Nov\u00fdch Ko\u0161arisk\u00e1ch<br \/>\nMiloslav Blaho, far\u00e1r S\u00e1msemt<br \/>\nLadislav Fri\u010dovsk\u00fd, far\u00e1r v Chme\u013eove<br \/>\nJ\u00e1n Rajt\u00f3k, far\u00e1r v Gemeri<\/p>\n<p>\u010ealej 4 far\u00e1ri povolan\u00ed do Pomocn\u00e9ho technick\u00e9ho pr\u00e1poru:<br \/>\na\/ in memoriam:<br \/>\nPavel Tomko, far\u00e1r vo V\u00fdchodnej<br \/>\nb\/ \u017eij\u00faci:<br \/>\nJ\u00e1n J\u00e1gersk\u00fd, far\u00e1r v Z\u00e1va\u017enej Porube<br \/>\nJ\u00e1n Hav\u00edra, far\u00e1r v Levo\u010di<br \/>\nIvan T\u00f3th, far\u00e1r v Modre- Kr\u00e1\u013eovej<\/p>\n<p>Postihnut\u00ed 29 profesori a posluch\u00e1\u010di Slovenskej evanjelickej bohosloveckej fakulty v Bratislave:<\/p>\n<p>a\/ Profesori &#8211; in memoriam:<\/p>\n<p>Samuel \u0160tefan Osusk\u00fd, profesor filozofie<br \/>\nJ\u00e1n Beblav\u00fd, profesor systematiky<br \/>\nJ\u00falius Janko, profesor Starej Zmluvy<br \/>\nJ\u00e1n \u010eurovi\u010d, , docent hymnol\u00f3gie<br \/>\nJ\u00e1n Oberu\u010d, profesor hist\u00f3rie<\/p>\n<p>b\/ posluch\u00e1\u010di:<br \/>\nMilan Oravec (in memoriam)<br \/>\nDaniel Vesel\u00fd<br \/>\nJ\u00e1n Paulov<br \/>\nMichal Hud\u00e1k<br \/>\nIgor Ki\u0161\u0161<br \/>\nJ\u00e1n Kal\u00fas<br \/>\nLadislav Fri\u010dovsk\u00fd<br \/>\n\u013dudov\u00edt Kore\u0148<br \/>\n\u0160tefan \u0160vancara<br \/>\nMiroslav Synak<br \/>\nZorka Beblav\u00e1- Kachni\u010dov\u00e1<br \/>\nAnna Ferien\u010d\u00edkov\u00e1- Majd\u00fachov\u00e1<br \/>\nDu\u0161an Dubek<br \/>\nO\u013ega Kuhllofov\u00e1<\/p>\n<p>         (zdroj: Evanjelick\u00e1 encyklop\u00e9dia Slovenska, Borislav Petr\u00edk, zostavovate\u013e, Peter Ryb\u00e1r, Bratislava 2001)<\/p>\n","protected":false},"excerpt":{"rendered":"<p>Rehabilit\u00e1cia ( z lat. zados\u0165u\u010dinenie za bezpr\u00e1vie) po r.1989 t\u00fdch pracovn\u00edkov ECAV, ktor\u00ed boli postihnut\u00ed v predch\u00e1dzaj\u00facom totalitnom re\u017eime v obdob\u00ed 1948 &#8211; 1989 sa za\u010dala v r.1990 t\u00fdm, \u017ee Gener\u00e1lna rada a gener\u00e1lne presbyterstvo vytvorili rehabilita\u010dn\u00fa komisiu na rie\u0161enie situ\u00e1cie. Predsedom bol senior Anrej Kvas. Na gener\u00e1lnom konvente v r.1991 v Bratislave rehabilitovali 29 &#8230; <a title=\"Rehabilit\u00e1cia duchovn\u00fdch v ECAV v r.1991\" class=\"read-more\" href=\"https:\/\/www.e-anjelik.sk\/index.php\/2013\/02\/20\/rehabilitacia-duchovnych-v-ecav-v-r-1991\/\" aria-label=\"Pre\u010d\u00edtajte si viac o Rehabilit\u00e1cia duchovn\u00fdch v ECAV v r.1991\">\u010c\u00edta\u0165 viac<\/a><\/p>\n","protected":false},"author":4,"featured_media":0,"comment_status":"open","ping_status":"open","sticky":false,"template":"","format":"standard","meta":{"footnotes":""},"categories":[40],"tags":[],"class_list":["post-5206","post","type-post","status-publish","format-standard","hentry","category-historia"],"_links":{"self":[{"href":"https:\/\/www.e-anjelik.sk\/index.php\/wp-json\/wp\/v2\/posts\/5206","targetHints":{"allow":["GET"]}}],"collection":[{"href":"https:\/\/www.e-anjelik.sk\/index.php\/wp-json\/wp\/v2\/posts"}],"about":[{"href":"https:\/\/www.e-anjelik.sk\/index.php\/wp-json\/wp\/v2\/types\/post"}],"author":[{"embeddable":true,"href":"https:\/\/www.e-anjelik.sk\/index.php\/wp-json\/wp\/v2\/users\/4"}],"replies":[{"embeddable":true,"href":"https:\/\/www.e-anjelik.sk\/index.php\/wp-json\/wp\/v2\/comments?post=5206"}],"version-history":[{"count":0,"href":"https:\/\/www.e-anjelik.sk\/index.php\/wp-json\/wp\/v2\/posts\/5206\/revisions"}],"wp:attachment":[{"href":"https:\/\/www.e-anjelik.sk\/index.php\/wp-json\/wp\/v2\/media?parent=5206"}],"wp:term":[{"taxonomy":"category","embeddable":true,"href":"https:\/\/www.e-anjelik.sk\/index.php\/wp-json\/wp\/v2\/categories?post=5206"},{"taxonomy":"post_tag","embeddable":true,"href":"https:\/\/www.e-anjelik.sk\/index.php\/wp-json\/wp\/v2\/tags?post=5206"}],"curies":[{"name":"wp","href":"https:\/\/api.w.org\/{rel}","templated":true}]}}