{"id":5214,"date":"2013-02-22T08:19:17","date_gmt":"2013-02-22T08:19:17","guid":{"rendered":"http:\/\/e-anjelik.sk\/?p=5214"},"modified":"2013-02-22T08:19:17","modified_gmt":"2013-02-22T08:19:17","slug":"jedine-spasonostne-prostrednictvo-jezisa-krista","status":"publish","type":"post","link":"https:\/\/www.e-anjelik.sk\/index.php\/2013\/02\/22\/jedine-spasonostne-prostrednictvo-jezisa-krista\/","title":{"rendered":"Jedin\u00e9 sp\u00e1sonostn\u00e9 prostredn\u00edctvo Je\u017ei\u0161a Krista"},"content":{"rendered":"<p>Dnes (22. 02. 2013) bude na r\u00e1diu Lumen o 11:00 zostrih rel\u00e1cie Duchovn\u00fd obzor, kde bol hos\u0165om profesor katol\u00edckej dogmatiky Anton Adam. T\u00e9mou je Jedin\u00e9 sp\u00e1sonostn\u00e9 prostredn\u00edctvo Je\u017ei\u0161a Krista, \u010di\u017ee t\u00e9ma, ktor\u00e1 je v\u00fdznamn\u00e1 aj v ekum\u00e9ne. Ak m\u00e1 teda niekto z\u00e1ujem, m\u00f4\u017ee si to vypo\u010du\u0165.<br \/>\nNejak\u00fd \u010das bude dostupn\u00e1 aj v arch\u00edve na str\u00e1nke http:\/\/www.lumen.sk\/live-detail.php?id=13<br \/>\nMysl\u00edm, \u017ee s koncom mesiaca sa zma\u017ee aj arch\u00edv, tak\u017ee ak to niekto chce po\u010d\u00fava\u0165, nech si to stiahne \u010d\u00edm sk\u00f4r.<\/p>\n<p>Marana tha!<\/p>\n","protected":false},"excerpt":{"rendered":"<p>Dnes (22. 02. 2013) bude na r\u00e1diu Lumen o 11:00 zostrih rel\u00e1cie Duchovn\u00fd obzor, kde bol hos\u0165om profesor katol\u00edckej dogmatiky Anton Adam. T\u00e9mou je Jedin\u00e9 sp\u00e1sonostn\u00e9 prostredn\u00edctvo Je\u017ei\u0161a Krista, \u010di\u017ee t\u00e9ma, ktor\u00e1 je v\u00fdznamn\u00e1 aj v ekum\u00e9ne. Ak m\u00e1 teda niekto z\u00e1ujem, m\u00f4\u017ee si to vypo\u010du\u0165. Nejak\u00fd \u010das bude dostupn\u00e1 aj v arch\u00edve na str\u00e1nke &#8230; <a title=\"Jedin\u00e9 sp\u00e1sonostn\u00e9 prostredn\u00edctvo Je\u017ei\u0161a Krista\" class=\"read-more\" href=\"https:\/\/www.e-anjelik.sk\/index.php\/2013\/02\/22\/jedine-spasonostne-prostrednictvo-jezisa-krista\/\" aria-label=\"Pre\u010d\u00edtajte si viac o Jedin\u00e9 sp\u00e1sonostn\u00e9 prostredn\u00edctvo Je\u017ei\u0161a Krista\">\u010c\u00edta\u0165 viac<\/a><\/p>\n","protected":false},"author":17,"featured_media":0,"comment_status":"open","ping_status":"open","sticky":false,"template":"","format":"standard","meta":{"footnotes":""},"categories":[2],"tags":[],"class_list":["post-5214","post","type-post","status-publish","format-standard","hentry","category-ekumena"],"_links":{"self":[{"href":"https:\/\/www.e-anjelik.sk\/index.php\/wp-json\/wp\/v2\/posts\/5214","targetHints":{"allow":["GET"]}}],"collection":[{"href":"https:\/\/www.e-anjelik.sk\/index.php\/wp-json\/wp\/v2\/posts"}],"about":[{"href":"https:\/\/www.e-anjelik.sk\/index.php\/wp-json\/wp\/v2\/types\/post"}],"author":[{"embeddable":true,"href":"https:\/\/www.e-anjelik.sk\/index.php\/wp-json\/wp\/v2\/users\/17"}],"replies":[{"embeddable":true,"href":"https:\/\/www.e-anjelik.sk\/index.php\/wp-json\/wp\/v2\/comments?post=5214"}],"version-history":[{"count":0,"href":"https:\/\/www.e-anjelik.sk\/index.php\/wp-json\/wp\/v2\/posts\/5214\/revisions"}],"wp:attachment":[{"href":"https:\/\/www.e-anjelik.sk\/index.php\/wp-json\/wp\/v2\/media?parent=5214"}],"wp:term":[{"taxonomy":"category","embeddable":true,"href":"https:\/\/www.e-anjelik.sk\/index.php\/wp-json\/wp\/v2\/categories?post=5214"},{"taxonomy":"post_tag","embeddable":true,"href":"https:\/\/www.e-anjelik.sk\/index.php\/wp-json\/wp\/v2\/tags?post=5214"}],"curies":[{"name":"wp","href":"https:\/\/api.w.org\/{rel}","templated":true}]}}