{"id":5215,"date":"2013-02-22T08:23:57","date_gmt":"2013-02-22T08:23:57","guid":{"rendered":"http:\/\/e-anjelik.sk\/?p=5215"},"modified":"2013-02-22T08:23:57","modified_gmt":"2013-02-22T08:23:57","slug":"jozef-miloslav-hurban-1817-1888","status":"publish","type":"post","link":"https:\/\/www.e-anjelik.sk\/index.php\/2013\/02\/22\/jozef-miloslav-hurban-1817-1888\/","title":{"rendered":"Jozef Miloslav Hurban (1817-1888)"},"content":{"rendered":"<p>Znamenit\u00fd re\u010dn\u00edk, bojovn\u00edk povstania roku 1848, panslavista, evanjelick\u00fd far\u00e1r \u2013 to je nieko\u013eko pr\u00edvlastkov, ktor\u00e9 dostal. Jeho za\u010diatky neboli \u013eahk\u00e9. Raz ho po\u010das prech\u00e1dzky po Bratislave ako \u0161tudenta zastavil \u013dudov\u00edt \u0160t\u00far a sp\u00fdtal sa ho, \u010di cvi\u010d\u00ed v slovenskej re\u010di a pripomenul mu: \u201eVe\u010f ste Sloven!\u201c a prekvapen\u00fd Hurban mu odpovedal: \u201e\u00c1no, som Slov\u00e1k.\u201c To zap\u00f4sobilo na Hurbana a pod jeho vplyvom sa za\u010dal zap\u00e1ja\u0165 do \u010dinnosti slovenskej ml\u00e1de\u017ee. Zanedlho sa Hurban so \u0160t\u00farom stali najakt\u00edvnej\u0161\u00edmi \u010dlenmi Spolo\u010dnosti \u010deskoslovenskej. Potom nasledoval pam\u00e4tn\u00fd de\u0148 slovenskej ml\u00e1de\u017ee na Dev\u00edne. Vtedy, 24. apr\u00edla 1836, prijal Jozef Hurban meno Miloslav.<\/p>\n<p>Prv\u00fdm zastaven\u00edm Hurbanov\u00fdm ako evanjelick\u00e9ho far\u00e1ra bola Brezov\u00e1 pod Bradlom, tu sa ako kapl\u00e1n za\u010dal akt\u00edvne zap\u00e1ja\u0165 do verejn\u00e9ho \u017eivota. Tento kraj ho sprev\u00e1dzal po cel\u00fd \u017eivot. V roku 1843 dostal pozvanie za far\u00e1ra do Hlbok\u00e9ho, kde pre\u017eil 45 rokov. Roky \u0161\u0165astn\u00e9 i trpk\u00e9. Tu don\u00fatil farn\u00edkov prisaha\u0165 pred olt\u00e1rom, \u017ee nebud\u00fa pi\u0165 alkohol. V\u00fdsledkom bolo, \u017ee miestny kr\u010dm\u00e1r skrachoval. V roku 1845 sa o\u017eenil s Ani\u010dkou Jurkovi\u010dovou. Man\u017eelstvo po\u017eehnal Karol \u0160t\u00far, brat \u013dudov\u00edta. Narodilo sa im 9 det\u00ed.<\/p>\n<p>V Hlbokom za\u010dal Hurban h\u00e1ji\u0165 pr\u00e1va Slov\u00e1kov, \u010do malo za n\u00e1sledok jeho prenasledovanie Ma\u010farmi. Rok 1848 priv\u00edtal 31\u2212ro\u010dn\u00fd Hurban b\u00e1s\u0148ou Bije zvon slobody. \u201eBije zvon slobody, \u010dujte ho n\u00e1rody, kto ho nepo\u010duje, obanuje! I my \u010dujme, bratia, zvon zlatej slobody, k\u00fdm nezape\u010datia n\u00e1m ho zas n\u00e1rody. Nech sa po Tatr\u00e1ch na\u0161a re\u010d oz\u00fdva, v s\u00fadoch, di\u00e9tach nech aj ona b\u00fdva!\u201c<\/p>\n<p>Na Hurbanovej fare bola 18. marca 1848 porada slovensk\u00fdch n\u00e1rodovcov. V apr\u00edli vydal v\u00fdzvu \u201eBratia, Slov\u00e1ci!\u201c a 28. apr\u00edla 1848 vyd\u00e1va N\u00e1rodn\u00e9 zhroma\u017edenie v Brezovej pod Bradlom Nitrianske \u017eiadosti, z ktor\u00fdch aj za \u00fa\u010dasti Hurbana vy\u0161iel program Slov\u00e1kov \u201e\u017diadosti slovensk\u00e9ho n\u00e1roda.\u201c Boli zostaven\u00e9 v Liptovskom Mikul\u00e1\u0161i na fare u M.M. Hod\u017eu. I napriek ve\u013ek\u00e9mu nebezpe\u010denstvu, vydan\u00edm zatyka\u010da, neprest\u00e1va bojova\u0165 za pr\u00e1va Slov\u00e1kov. Ukr\u00fdva sa na viacer\u00fdch miestach, raz v kostole, potom v hrobke, \u010di v poli obilia. Po utvoren\u00ed Slovenskej n\u00e1rodnej rady 16. septembra 1848 vo Viedni sa stal jej prv\u00fdm predsedom. Od jesene 1848 organizuje povstanie a st\u00e1va sa jeho vodcom, s dobrovo\u013en\u00edkmi pre\u0161iel cel\u00e9 Slovensko. Bol aj na ich rozpusten\u00ed 21. novembra 1849 na dne\u0161nom N\u00e1mest\u00ed slobody v Bratislave. Hlbock\u00fa faru znova z\u00edskava 4. novembra 1850 a\u017e po dobrozdan\u00ed panovn\u00edka.<\/p>\n<p>Hurban znovu pokra\u010duje v z\u00e1pase o udr\u017eanie \u0161t\u00farovskej sloven\u010diny ako celon\u00e1rodn\u00e9ho spisovn\u00e9ho jazyka Slov\u00e1kov. Vyd\u00e1va Slovensk\u00e9 poh\u013eady, Almanach Nitra. Za\u010d\u00edna sa venova\u0165 n\u00e1bo\u017eensk\u00fdm ot\u00e1zkam. Za pr\u00e1cu \u201eNauka n\u00e1bo\u017eenstv\u00ed Rodn\u00fd dom J.M. Hurbana kres\u0165ansk\u00e9ho\u201c mu Univerzita v Lipsku v roku 1860 udelila doktor\u00e1t. I po smrti \u013d. \u0160t\u00fara a M. Hod\u017eu m\u00e1 autoritu. Na memorandovom zhroma\u017eden\u00ed v Tur\u010dianskom sv. Martine 6. a 7. j\u00fana 1861 r\u00e1zne vyst\u00fapil a jasne vyslovil: \u201eMy chceme vedie\u0165, ktor\u00fd k\u00fasok zeme na \u0161\u00edrom svete je slovensk\u00fd k\u00fasok zeme!\u201c<\/p>\n<p>Po rak\u00fasko\u2212uhorskom vyrovnan\u00ed sa postavenie Slov\u00e1kov v Uhorsku zhor\u0161ilo. Po prijat\u00ed n\u00e1rodnostn\u00e9ho z\u00e1kona v roku 1868, pod\u013ea ktor\u00e9ho v Uhorsku je len jeden n\u00e1rod, a to ma\u010farsk\u00fd, je Hurban sklaman\u00fd. No bojuje, i ke\u010f len \u201eperom,\u201c \u010falej. Za \u010dl\u00e1nok \u201e\u010comu n\u00e1s u\u010dia dejiny?\u201c sa dost\u00e1va do v\u00e4zenia vo Vacove. Rozsudok znel 6 mesiacov a pokuta 400 zlat\u00fdch. V roku 1875 znovu dostal 3 mesiace v\u00e4zenia. I v starobe sa venoval publika\u010dnej \u010dinnosti.<\/p>\n<p>Jeho meno sa stalo symbolom boja za slobodu slovensk\u00e9ho n\u00e1roda. U\u017e za jeho \u017eivota sa ho b\u00e1li neprajn\u00edci Slov\u00e1kov. Slovensk\u00ed \u013eudia v\u0161ak v \u0148om videli bojovn\u00edka za slobodu. Na znak v\u010fa\u010dnosti s\u00fa po celom Slovensku pomenovan\u00e9 ulice, parky, n\u00e1mestia a pod., ktor\u00e9 n\u00e1m takto pripom\u00ednaj\u00fa tohto velik\u00e1na slovensk\u00e9ho n\u00e1roda.<\/p>\n<p>V tomto roku (2012) si pripom\u00edname 195. v\u00fdro\u010die Hurbanovho narodenia v evanjelickej fare v Beckove a 124. v\u00fdro\u010die jeho \u00famrtia v Hlbokom.<\/p>\n<p>\u013dubom\u00edr Paulus<br \/>\nzdroj: http:\/\/www.ecavbeckov.eu\/oz-jmh\/jozef-miloslav-hurban<\/p>\n","protected":false},"excerpt":{"rendered":"<p>Znamenit\u00fd re\u010dn\u00edk, bojovn\u00edk povstania roku 1848, panslavista, evanjelick\u00fd far\u00e1r \u2013 to je nieko\u013eko pr\u00edvlastkov, ktor\u00e9 dostal. Jeho za\u010diatky neboli \u013eahk\u00e9. Raz ho po\u010das prech\u00e1dzky po Bratislave ako \u0161tudenta zastavil \u013dudov\u00edt \u0160t\u00far a sp\u00fdtal sa ho, \u010di cvi\u010d\u00ed v slovenskej re\u010di a pripomenul mu: \u201eVe\u010f ste Sloven!\u201c a prekvapen\u00fd Hurban mu odpovedal: \u201e\u00c1no, som Slov\u00e1k.\u201c To &#8230; <a title=\"Jozef Miloslav Hurban (1817-1888)\" class=\"read-more\" href=\"https:\/\/www.e-anjelik.sk\/index.php\/2013\/02\/22\/jozef-miloslav-hurban-1817-1888\/\" aria-label=\"Pre\u010d\u00edtajte si viac o Jozef Miloslav Hurban (1817-1888)\">\u010c\u00edta\u0165 viac<\/a><\/p>\n","protected":false},"author":1,"featured_media":0,"comment_status":"open","ping_status":"open","sticky":false,"template":"","format":"standard","meta":{"footnotes":""},"categories":[255,176],"tags":[243],"class_list":["post-5215","post","type-post","status-publish","format-standard","hentry","category-beckov","category-hlboke","tag-historicke-osobnosti-ev-cirkvi"],"_links":{"self":[{"href":"https:\/\/www.e-anjelik.sk\/index.php\/wp-json\/wp\/v2\/posts\/5215","targetHints":{"allow":["GET"]}}],"collection":[{"href":"https:\/\/www.e-anjelik.sk\/index.php\/wp-json\/wp\/v2\/posts"}],"about":[{"href":"https:\/\/www.e-anjelik.sk\/index.php\/wp-json\/wp\/v2\/types\/post"}],"author":[{"embeddable":true,"href":"https:\/\/www.e-anjelik.sk\/index.php\/wp-json\/wp\/v2\/users\/1"}],"replies":[{"embeddable":true,"href":"https:\/\/www.e-anjelik.sk\/index.php\/wp-json\/wp\/v2\/comments?post=5215"}],"version-history":[{"count":0,"href":"https:\/\/www.e-anjelik.sk\/index.php\/wp-json\/wp\/v2\/posts\/5215\/revisions"}],"wp:attachment":[{"href":"https:\/\/www.e-anjelik.sk\/index.php\/wp-json\/wp\/v2\/media?parent=5215"}],"wp:term":[{"taxonomy":"category","embeddable":true,"href":"https:\/\/www.e-anjelik.sk\/index.php\/wp-json\/wp\/v2\/categories?post=5215"},{"taxonomy":"post_tag","embeddable":true,"href":"https:\/\/www.e-anjelik.sk\/index.php\/wp-json\/wp\/v2\/tags?post=5215"}],"curies":[{"name":"wp","href":"https:\/\/api.w.org\/{rel}","templated":true}]}}