{"id":5216,"date":"2013-02-22T08:42:56","date_gmt":"2013-02-22T08:42:56","guid":{"rendered":"http:\/\/e-anjelik.sk\/?p=5216"},"modified":"2013-02-22T08:42:56","modified_gmt":"2013-02-22T08:42:56","slug":"22-februar","status":"publish","type":"post","link":"https:\/\/www.e-anjelik.sk\/index.php\/2013\/02\/22\/22-februar\/","title":{"rendered":"22. FEBRU\u00c1R"},"content":{"rendered":"<p>                                                                      22. FEBRU\u00c1R<\/p>\n<p>V \u0147om ( Kristovi) m\u00e1me vyk\u00fapenie, odpustenie hriechov.<\/p>\n<p>                                                                                                                                          Kolosensk\u00fdm 1, 14<\/p>\n<p>     Keby som chcel nakresli\u0165 alebo zobrazi\u0165 Petra, nap\u00edsal by som v\u0161ade na ka\u017ed\u00fd vl\u00e1sok na jeho hlave: Odpustenie hriechov. Lebo takto ho pod\u00e1vaj\u00fa evanjelisti.<\/p>\n<p>      Nijak\u00e1 \u010das\u0165 nie je v pa\u0161iach opisovan\u00e1 ak podrobne ako Petrov p\u00e1d. Vetko, \u010do protire\u010d\u00ed Kristovi, opisuj\u00fa evanjelisti stru\u010dne. Na p\u00e1d Petra poukazuj\u00fa v\u0161ak zo\u0161iroka, akoby nevedeli na opis jeho p\u00e1du n\u00e1js\u0165 dos\u0165 slov. Ale evanjelista J\u00e1n hovor\u00ed:<br \/>\n      Ovocie a \u00fa\u017eitok Kristovho utrpenia spo\u010d\u00edva v tom, aby sme mali v \u0148om odpustenie hriechov.<\/p>\n<p>                                                Martin Luther: Smerovn\u00edk kres\u0165nskej cesty<\/p>\n<p>Modlitba:<br \/>\nPane Je\u017ei\u0161i, svoj\u00edm Duchom podopri n\u00e1s, aby sme sa nestali nikdy tvojimi zradcami, ale zostali Tvojimi vyznava\u010dmi a nasledovn\u00edkmi. Amen<\/p>\n","protected":false},"excerpt":{"rendered":"<p>22. FEBRU\u00c1R V \u0147om ( Kristovi) m\u00e1me vyk\u00fapenie, odpustenie hriechov. Kolosensk\u00fdm 1, 14 Keby som chcel nakresli\u0165 alebo zobrazi\u0165 Petra, nap\u00edsal by som v\u0161ade na ka\u017ed\u00fd vl\u00e1sok na jeho hlave: Odpustenie hriechov. Lebo takto ho pod\u00e1vaj\u00fa evanjelisti. Nijak\u00e1 \u010das\u0165 nie je v pa\u0161iach opisovan\u00e1 ak podrobne ako Petrov p\u00e1d. Vetko, \u010do protire\u010d\u00ed Kristovi, opisuj\u00fa evanjelisti &#8230; <a title=\"22. FEBRU\u00c1R\" class=\"read-more\" href=\"https:\/\/www.e-anjelik.sk\/index.php\/2013\/02\/22\/22-februar\/\" aria-label=\"Pre\u010d\u00edtajte si viac o 22. FEBRU\u00c1R\">\u010c\u00edta\u0165 viac<\/a><\/p>\n","protected":false},"author":4,"featured_media":0,"comment_status":"open","ping_status":"open","sticky":false,"template":"","format":"standard","meta":{"footnotes":""},"categories":[1],"tags":[],"class_list":["post-5216","post","type-post","status-publish","format-standard","hentry","category-adventna-modlitba"],"_links":{"self":[{"href":"https:\/\/www.e-anjelik.sk\/index.php\/wp-json\/wp\/v2\/posts\/5216","targetHints":{"allow":["GET"]}}],"collection":[{"href":"https:\/\/www.e-anjelik.sk\/index.php\/wp-json\/wp\/v2\/posts"}],"about":[{"href":"https:\/\/www.e-anjelik.sk\/index.php\/wp-json\/wp\/v2\/types\/post"}],"author":[{"embeddable":true,"href":"https:\/\/www.e-anjelik.sk\/index.php\/wp-json\/wp\/v2\/users\/4"}],"replies":[{"embeddable":true,"href":"https:\/\/www.e-anjelik.sk\/index.php\/wp-json\/wp\/v2\/comments?post=5216"}],"version-history":[{"count":0,"href":"https:\/\/www.e-anjelik.sk\/index.php\/wp-json\/wp\/v2\/posts\/5216\/revisions"}],"wp:attachment":[{"href":"https:\/\/www.e-anjelik.sk\/index.php\/wp-json\/wp\/v2\/media?parent=5216"}],"wp:term":[{"taxonomy":"category","embeddable":true,"href":"https:\/\/www.e-anjelik.sk\/index.php\/wp-json\/wp\/v2\/categories?post=5216"},{"taxonomy":"post_tag","embeddable":true,"href":"https:\/\/www.e-anjelik.sk\/index.php\/wp-json\/wp\/v2\/tags?post=5216"}],"curies":[{"name":"wp","href":"https:\/\/api.w.org\/{rel}","templated":true}]}}