{"id":5219,"date":"2013-02-22T09:58:30","date_gmt":"2013-02-22T09:58:30","guid":{"rendered":"http:\/\/e-anjelik.sk\/?p=5219"},"modified":"2013-02-22T09:58:30","modified_gmt":"2013-02-22T09:58:30","slug":"medzinarodna-konferencia-o-migracii-v-budapesti","status":"publish","type":"post","link":"https:\/\/www.e-anjelik.sk\/index.php\/2013\/02\/22\/medzinarodna-konferencia-o-migracii-v-budapesti\/","title":{"rendered":"Medzin\u00e1rodn\u00e1 konferencia o migr\u00e1cii v Budape\u0161ti"},"content":{"rendered":"<p>V s\u00eddle Ekumenickej rady cirkv\u00ed Ma\u010farska v Budape\u0161ti sa konala z podnetu Evanjelickej cirkvi v MR medzin\u00e1rodn\u00e1 konferencia o migr\u00e1cii. Predmetn\u00fd projekt sa vol\u00e1 MIEU &#8211; Migration in Europa -Qualifikation Ehrenamtlicher Mitarbeiter in der Sozialarbeit.Na konferencii sa z\u00fa\u010dastnili z\u00e1stupcovia: Nemecka, Talianska, Franc\u00fazska, Rumunska a Ma\u010farska. V \u00favode refer\u00e1t predniesol biskup hostite\u013eskej cirkvi Fab\u00edny Tam\u00e1s.<br \/>\n(www.evangelikus.hu)<\/p>\n","protected":false},"excerpt":{"rendered":"<p>V s\u00eddle Ekumenickej rady cirkv\u00ed Ma\u010farska v Budape\u0161ti sa konala z podnetu Evanjelickej cirkvi v MR medzin\u00e1rodn\u00e1 konferencia o migr\u00e1cii. Predmetn\u00fd projekt sa vol\u00e1 MIEU &#8211; Migration in Europa -Qualifikation Ehrenamtlicher Mitarbeiter in der Sozialarbeit.Na konferencii sa z\u00fa\u010dastnili z\u00e1stupcovia: Nemecka, Talianska, Franc\u00fazska, Rumunska a Ma\u010farska. V \u00favode refer\u00e1t predniesol biskup hostite\u013eskej cirkvi Fab\u00edny Tam\u00e1s. (www.evangelikus.hu)<\/p>\n","protected":false},"author":22,"featured_media":0,"comment_status":"open","ping_status":"open","sticky":false,"template":"","format":"standard","meta":{"footnotes":""},"categories":[1],"tags":[234],"class_list":["post-5219","post","type-post","status-publish","format-standard","hentry","category-adventna-modlitba","tag-zdruzenia-a-skupiny"],"_links":{"self":[{"href":"https:\/\/www.e-anjelik.sk\/index.php\/wp-json\/wp\/v2\/posts\/5219","targetHints":{"allow":["GET"]}}],"collection":[{"href":"https:\/\/www.e-anjelik.sk\/index.php\/wp-json\/wp\/v2\/posts"}],"about":[{"href":"https:\/\/www.e-anjelik.sk\/index.php\/wp-json\/wp\/v2\/types\/post"}],"author":[{"embeddable":true,"href":"https:\/\/www.e-anjelik.sk\/index.php\/wp-json\/wp\/v2\/users\/22"}],"replies":[{"embeddable":true,"href":"https:\/\/www.e-anjelik.sk\/index.php\/wp-json\/wp\/v2\/comments?post=5219"}],"version-history":[{"count":0,"href":"https:\/\/www.e-anjelik.sk\/index.php\/wp-json\/wp\/v2\/posts\/5219\/revisions"}],"wp:attachment":[{"href":"https:\/\/www.e-anjelik.sk\/index.php\/wp-json\/wp\/v2\/media?parent=5219"}],"wp:term":[{"taxonomy":"category","embeddable":true,"href":"https:\/\/www.e-anjelik.sk\/index.php\/wp-json\/wp\/v2\/categories?post=5219"},{"taxonomy":"post_tag","embeddable":true,"href":"https:\/\/www.e-anjelik.sk\/index.php\/wp-json\/wp\/v2\/tags?post=5219"}],"curies":[{"name":"wp","href":"https:\/\/api.w.org\/{rel}","templated":true}]}}