{"id":5236,"date":"2013-03-01T11:12:03","date_gmt":"2013-03-01T11:12:03","guid":{"rendered":"http:\/\/e-anjelik.sk\/?p=5236"},"modified":"2013-03-01T11:12:03","modified_gmt":"2013-03-01T11:12:03","slug":"1-marec","status":"publish","type":"post","link":"https:\/\/www.e-anjelik.sk\/index.php\/2013\/03\/01\/1-marec\/","title":{"rendered":"1. MAREC"},"content":{"rendered":"<p>                                                                  1. MAREC<\/p>\n<p>(Kristus) za v\u0161etk\u00fdch umrel, aby t\u00ed, \u010do \u017eij\u00fa, ne\u017eili viac sebe, ale Tomu, kto za nich umrel a z m\u0155tvych vstal.<\/p>\n<p>                                                                                                                                    2.  Korintsk\u00fdm 5, 15<\/p>\n<p>      Ute\u0161en\u00e1, pr\u00edjemn\u00e1 k\u00e1ze\u0148 ti nem\u00e1 pom\u00e1ha\u0165 k tomu, aby si povedal: Kristus pre moje hriechy umrel a vstal z m\u0155tvych, nu\u017e d\u00fafam, \u017ee aj pre m\u0148a. \u00c1no, spr\u00e1vne. <\/p>\n<p>      Ak chce\u0161 natrvalo zosta\u0165 v starej ko\u017ei a ver\u0161 pou\u017ei\u0165 ako prikr\u00fdvku pre svoje nen\u00e1sytn\u00e9 lakomstvo, p\u00fdchu, rozko\u0161, nu\u017e sa tu p\u00ed\u0161e: Nedosahuje\u0161 veru t\u00fato \u00fatechu!<\/p>\n<p>      Lebo aj  ke\u010f pre pre v\u0161etk\u00fdch umrel a vstal z m\u0155tvych, pre teba nevstal, lebo si vzkriesenie neprijal vierou. Iba dym si spozoroval, ale ohe\u0148 nepoc\u00edtil. Slovo si po\u010dul, ale nijak\u00fa silu si z neho neprijal.<\/p>\n<p>                                                 Martin Luther: Smerovn\u00edk kres\u0165anskej cesty<\/p>\n<p>Modlitba:<br \/>\nAch, sladk\u00e9 slov\u00e1 pre \u013eud hrie\u0161ny<br \/>\ndo srdca m\u00f4jho vnikaj\u00fa,<br \/>\nhoc t\u00fdm, \u010do s\u00fa na skutky py\u0161n\u00ed,<br \/>\nsa pohor\u0161liv\u00fdmi zdaj\u00fa,<br \/>\nz nich srdce moje rados\u0165 m\u00e1,<br \/>\nJe\u017ei\u0161 hrie\u0161nikov prij\u00edma. Amen<\/p>\n<p>ESP 324, 1 (T 493) B. Schmolck<\/p>\n","protected":false},"excerpt":{"rendered":"<p>1. MAREC (Kristus) za v\u0161etk\u00fdch umrel, aby t\u00ed, \u010do \u017eij\u00fa, ne\u017eili viac sebe, ale Tomu, kto za nich umrel a z m\u0155tvych vstal. 2. Korintsk\u00fdm 5, 15 Ute\u0161en\u00e1, pr\u00edjemn\u00e1 k\u00e1ze\u0148 ti nem\u00e1 pom\u00e1ha\u0165 k tomu, aby si povedal: Kristus pre moje hriechy umrel a vstal z m\u0155tvych, nu\u017e d\u00fafam, \u017ee aj pre m\u0148a. \u00c1no, spr\u00e1vne. &#8230; <a title=\"1. MAREC\" class=\"read-more\" href=\"https:\/\/www.e-anjelik.sk\/index.php\/2013\/03\/01\/1-marec\/\" aria-label=\"Pre\u010d\u00edtajte si viac o 1. MAREC\">\u010c\u00edta\u0165 viac<\/a><\/p>\n","protected":false},"author":4,"featured_media":0,"comment_status":"open","ping_status":"open","sticky":false,"template":"","format":"standard","meta":{"footnotes":""},"categories":[1],"tags":[],"class_list":["post-5236","post","type-post","status-publish","format-standard","hentry","category-adventna-modlitba"],"_links":{"self":[{"href":"https:\/\/www.e-anjelik.sk\/index.php\/wp-json\/wp\/v2\/posts\/5236","targetHints":{"allow":["GET"]}}],"collection":[{"href":"https:\/\/www.e-anjelik.sk\/index.php\/wp-json\/wp\/v2\/posts"}],"about":[{"href":"https:\/\/www.e-anjelik.sk\/index.php\/wp-json\/wp\/v2\/types\/post"}],"author":[{"embeddable":true,"href":"https:\/\/www.e-anjelik.sk\/index.php\/wp-json\/wp\/v2\/users\/4"}],"replies":[{"embeddable":true,"href":"https:\/\/www.e-anjelik.sk\/index.php\/wp-json\/wp\/v2\/comments?post=5236"}],"version-history":[{"count":0,"href":"https:\/\/www.e-anjelik.sk\/index.php\/wp-json\/wp\/v2\/posts\/5236\/revisions"}],"wp:attachment":[{"href":"https:\/\/www.e-anjelik.sk\/index.php\/wp-json\/wp\/v2\/media?parent=5236"}],"wp:term":[{"taxonomy":"category","embeddable":true,"href":"https:\/\/www.e-anjelik.sk\/index.php\/wp-json\/wp\/v2\/categories?post=5236"},{"taxonomy":"post_tag","embeddable":true,"href":"https:\/\/www.e-anjelik.sk\/index.php\/wp-json\/wp\/v2\/tags?post=5236"}],"curies":[{"name":"wp","href":"https:\/\/api.w.org\/{rel}","templated":true}]}}